{"id":373,"date":"2016-02-08T10:49:24","date_gmt":"2016-02-08T09:49:24","guid":{"rendered":"http:\/\/aaquarks.com\/blog\/?p=373"},"modified":"2017-01-08T10:50:53","modified_gmt":"2017-01-08T09:50:53","slug":"vii-jornadas-de-la-ciencia-para-tods-4-al-6-de-abril-ubeda-2","status":"publish","type":"post","link":"https:\/\/aaquarks.com\/blog\/?p=373","title":{"rendered":"VII Jornadas de la ciencia para tod@s. 4 al 6 de Abril, \u00dabeda."},"content":{"rendered":"<p><a href=\"http:\/\/aaquarks.com\/blog\/wp-content\/uploads\/2016\/02\/cabecera-web-VII-Jornadas-Ciencia.jpg\" rel=\"attachment wp-att-243\"><img loading=\"lazy\" decoding=\"async\" class=\"size-large wp-image-243 aligncenter\" src=\"http:\/\/aaquarks.com\/blog\/wp-content\/uploads\/2016\/02\/cabecera-web-VII-Jornadas-Ciencia-1024x330.jpg\" alt=\"cabecera web VII Jornadas Ciencia\" width=\"720\" height=\"232\" srcset=\"https:\/\/aaquarks.com\/blog\/wp-content\/uploads\/2016\/02\/cabecera-web-VII-Jornadas-Ciencia-1024x330.jpg 1024w, https:\/\/aaquarks.com\/blog\/wp-content\/uploads\/2016\/02\/cabecera-web-VII-Jornadas-Ciencia-300x97.jpg 300w, https:\/\/aaquarks.com\/blog\/wp-content\/uploads\/2016\/02\/cabecera-web-VII-Jornadas-Ciencia-768x247.jpg 768w, https:\/\/aaquarks.com\/blog\/wp-content\/uploads\/2016\/02\/cabecera-web-VII-Jornadas-Ciencia.jpg 1590w\" sizes=\"auto, (max-width: 720px) 100vw, 720px\" \/><\/a><\/p>\n<p style=\"text-align: justify;\">Desde hace varios a\u00f1os, la asociaci\u00f3n cultural Renaciencia, integrada por docentes de varios centros de la localidad de \u00dabeda y comarca, organiza y coordina las Jornadas de Ciencia para tod@s. Este gran evento de divulgaci\u00f3n cient\u00edfica pretende ofrecer un espacio dedicado a compartir las experiencias que hemos ido desarrollando desde\u00a0nuestras aulas, expuestas por el alumnado y como consecuencia de actividades de formaci\u00f3n espec\u00edfica del profesorado implicado.<\/p>\n<h2><b>JUSTIFICACI\u00d3N<\/b><\/h2>\n<p style=\"text-align: justify;\"><b><img loading=\"lazy\" decoding=\"async\" class=\"alignleft\" src=\"http:\/\/www.aaquarks.com\/web\/Asociacion_Astronomica_Quarks\/Actividades____Actividades_del_2011\/Paginas\/II_Jornadas_Ciencia_para_Tod%40s_files\/Media\/IMG_0333\/IMG_0333.jpg?disposition=download\" alt=\"\" width=\"504\" height=\"336\" \/><\/b>Uno de los objetivos fundamentales e ineludibles del quehacer cient\u00edfico es su difusi\u00f3n, tanto social como profesional. Es impensable desarrollar una mejora de las pr\u00e1cticas docentes en este campo sin ofrecer a la comunidad educativa (profesorado y alumnado como m\u00ednimo) una oportunidad en este sentido.<\/p>\n<p style=\"text-align: justify;\">Por otro lado, es misi\u00f3n de los docentes intentar paliar la parad\u00f3jica separaci\u00f3n que nuestra sociedad padece respecto de los principios cient\u00edficos que sustentan su propio desarrollo tecnol\u00f3gico, as\u00ed como el antinatural distanciamiento que existe entre dicha sociedad y todo lo que tenga que ver con el mundo de la ciencia.<\/p>\n<p style=\"text-align: justify;\">Y por \u00faltimo, desde la ciencia podemos aportar a nuestro \u00e1mbito valores imprescindibles en la sociedad democr\u00e1tica en la que vivimos, inherentes al trabajo cient\u00edfico: el respeto hacia el otro y hacia lo que piensa y hace, el trabajo colaborativo, la iniciativa individual, la construcci\u00f3n del conocimiento de manera social, la discusi\u00f3n entre iguales, el debate, etc., son s\u00f3lo algunos ejemplos de lo que la metodolog\u00eda cient\u00edfica ha aportado a nuestro modelo de vida.<\/p>\n<p style=\"text-align: justify;\">Con estas S\u00e9ptimas Jornadas de la Ciencia para tod@s a nivel Comarcal, y extensible a nivel provincial, queremos dar respuesta a estos tres aspectos, facilitando un foro motivador de intercambio de experiencias, divulgando la ciencia como tal, sus principios y m\u00e9todos y destacando los valores que estas disciplinas del saber humano nos est\u00e1n legando.<\/p>\n<h2><\/h2>\n<h2><b>METODOLOG\u00cdA<\/b><\/h2>\n<p style=\"text-align: justify;\"><img loading=\"lazy\" decoding=\"async\" class=\"alignright\" src=\"http:\/\/www.aaquarks.com\/web\/Asociacion_Astronomica_Quarks\/Actividades____Actividades_del_2011\/Paginas\/II_Jornadas_Ciencia_para_Tod%40s_files\/Media\/IMG_0406\/IMG_0406.jpg?disposition=download\" alt=\"\" width=\"316\" height=\"474\" \/><\/p>\n<p style=\"text-align: justify;\">\u00a0La organizaci\u00f3n corre a cargo de la <i>Asociaci\u00f3n Cultural RenaCiencia<\/i>. La idea principal es crear experiencias que puedan llevar a cabo nuestros alumnos, acordes con su nivel educativo, de forma que ellos las dise\u00f1en, las trabajen, las estudien y, por \u00faltimo, las trasladen a las Jornadas haciendo de monitores y explic\u00e1ndolas al resto de participantes y visitantes.<\/p>\n<p style=\"text-align: justify;\">Para ello la motivaci\u00f3n y la gu\u00eda de los maestros y profesores resulta fundamental y es ah\u00ed donde han reca\u00eddo los mayores esfuerzos por parte de este equipo. Ese esfuerzo es recompensado por el hecho de verlos tan ilusionados con los proyectos y perfectamente preparados y en condiciones de afrontar este reto. Nuestros alumnos est\u00e1n disfrutando mucho con estas actividades: ellas han permitido que lean, investiguen, dialoguen y experimenten acerca del desarrollo de la ciencia.<\/p>\n<p style=\"text-align: justify;\">La filosof\u00eda seguida ha sido acercar la ciencia a todos los niveles educativos y de ah\u00ed que los cursos implicados abarquen todos los niveles educativos (infantil, primaria, secundaria, bachillerato, ciclos formativos y universidad).<\/p>\n<h2><b>CONTENIDOS<\/b><\/h2>\n<ul>\n<li>Adquisici\u00f3n de Competencias B\u00e1sicas.<\/li>\n<li>Comunicaci\u00f3n Social de la ciencia y convivencia entre centros y niveles.<\/li>\n<li>Did\u00e1ctica del Conocimiento del Medio Natural y Social.<\/li>\n<li>Did\u00e1ctica de las Ciencias, Matem\u00e1ticas, Educaci\u00f3n F\u00edsica y M\u00fasica.<\/li>\n<li>Metodolog\u00eda Cient\u00edfica (puesta en pr\u00e1ctica del M\u00e9todo Cient\u00edfico).<\/li>\n<\/ul>\n<p style=\"text-align: justify;\">Disponemos de muchas \u00e1reas dedicadas a Experimentaci\u00f3n Cient\u00edfica. Sus principios b\u00e1sicos ser\u00e1n explicados y se propondr\u00e1n bater\u00edas de preguntas clave de comprensi\u00f3n de los fen\u00f3menos. De igual manera (a posteriori y seg\u00fan gu\u00edas did\u00e1cticas correspondientes a cada itinerario) se profundizar\u00e1, una vez en el aula y con el profesor, sobre los fen\u00f3menos observados.<\/p>\n<p style=\"text-align: justify;\">Otros espacios estar\u00e1n dedicados a la manipulaci\u00f3n de sistemas, desarrollo de juegos con contenido cient\u00edfico y v\u00eddeos con contenido cient\u00edfico.<\/p>\n<h2><b>PROGRAMA<\/b><\/h2>\n<p><b>PROGRAMA<\/b><b>:<\/b><\/p>\n<ul>\n<li style=\"text-align: justify;\"><b><img loading=\"lazy\" decoding=\"async\" class=\"alignright\" src=\"http:\/\/www.aaquarks.com\/web\/Asociacion_Astronomica_Quarks\/Actividades____Actividades_del_2011\/Paginas\/II_Jornadas_Ciencia_para_Tod%40s_files\/Media\/IMG_0376\/IMG_0376.jpg?disposition=download\" alt=\"\" width=\"538\" height=\"359\" \/><\/b><strong>Presentaci\u00f3n del proyecto Museo de ciencia de \u00dabeda.<\/strong> Visita guiada a las instalaciones. Lunes 4 de Abril, 18:00 horas.<\/li>\n<li style=\"text-align: justify;\"><strong>Acto de inauguraci\u00f3n oficial:<\/strong><b> <\/b>lunes 4 de abril, 19:00 h, en el auditorio del Hospital de Santiago. Intervenci\u00f3n de <strong>D. David Galad\u00ed-Enr\u00edquez<\/strong>.<\/li>\n<li style=\"text-align: justify;\">Acto de presentaci\u00f3n de las Jornadas a los monitores: martes 5 de abril, 10:00h en el auditorio del Hospital de Santiago. Interviene <strong>D. David Galad\u00ed-Enr\u00edquez.<\/strong><\/li>\n<li style=\"text-align: justify;\">El acceso a las experiencias se realizar\u00e1 por orden establecido seg\u00fan grupos e itinerarios asignados tras la inscripci\u00f3n en estas Jornadas.<\/li>\n<li style=\"text-align: justify;\">Martes 5 de abril, 12:00 &#8211; 14:00: recorrido de los itinerarios por parte de los <b>grupos 1 y 2 <\/b>(50 agrupaciones de quince alumnos\/as)<b>.<\/b><\/li>\n<li style=\"text-align: justify;\">Martes 5 de abril, <strong>17:30 &#8211; 19:30: horario abierto al p\u00fablico.<\/strong><\/li>\n<li style=\"text-align: justify;\">Mi\u00e9rcoles 6 de abril, 09:30 &#8211; 11:30 y 12:00 \u2013 14:00: recorrido de itinerarios de los <b>grupos 3-4 y 5-6 <\/b>(50 agrupaciones de quince alumnos\/as)<b>.<\/b><\/li>\n<li style=\"text-align: justify;\">Mi\u00e9rcoles 9 de Abril, 12:00 &#8211; 14:00: recorrido de itinerarios de los <b>grupos 5 y 6 <\/b>(50 agrupaciones de quince alumnos\/as)<b>.<\/b><\/li>\n<\/ul>\n<h2>INSCRIPCIONES<\/h2>\n<ul>\n<li style=\"text-align: justify;\"><strong><a href=\"http:\/\/aaquarks.com\/blog\/wp-content\/uploads\/2016\/02\/IMG_0436.jpg\" rel=\"attachment wp-att-266\"><img loading=\"lazy\" decoding=\"async\" class=\" wp-image-266 alignleft\" src=\"http:\/\/aaquarks.com\/blog\/wp-content\/uploads\/2016\/02\/IMG_0436.jpg\" alt=\"IMG_0436\" width=\"479\" height=\"320\" srcset=\"https:\/\/aaquarks.com\/blog\/wp-content\/uploads\/2016\/02\/IMG_0436.jpg 800w, https:\/\/aaquarks.com\/blog\/wp-content\/uploads\/2016\/02\/IMG_0436-300x200.jpg 300w, https:\/\/aaquarks.com\/blog\/wp-content\/uploads\/2016\/02\/IMG_0436-768x513.jpg 768w\" sizes=\"auto, (max-width: 479px) 100vw, 479px\" \/><\/a>Hasta el 19 de Febrero: Inscripci\u00f3n de grupos de monitores. <\/strong>Necesitamos conocer que grupos y profesorado est\u00e1 interesado en colaborar como <strong>participante<\/strong>, exponiendo alguno de los proyectos que han realizado a lo largo del curso. Os pedimos por tanto que nos hag\u00e1is llegar esta informaci\u00f3n (nombre de la experiencia, nivel al que se expone\u2026). En caso de que sean varias, la informaci\u00f3n correspondiente a cada una de ellas. Esta inscripci\u00f3n es informal y no requiere cumplimentar ning\u00fan tipo de inscripci\u00f3n por el momento, siendo suficiente la comunicaci\u00f3n de la informaci\u00f3n solicitada a la organizaci\u00f3n a trav\u00e9s del correo habilitado por la misma. Remitir esta informaci\u00f3n a\u00a0<a href=\"mailto:jjccparatodos@gmail.com\"><strong>jjccparatodos@gmail.com<\/strong><\/a><\/li>\n<\/ul>\n<ul>\n<li style=\"text-align: justify;\"><strong>Hasta el 6 de Marzo: Inscripci\u00f3n de grupos visitantes.<\/strong> Una vez recibida su solicitud se les asignar\u00e1 hora e itinerario de la visita de su grupo. <a href=\"http:\/\/aaquarks.com\/blog\/wp-content\/uploads\/2016\/02\/VII_JJCC_Inscripcion_para_visita_2016.docx\" target=\"_blank\">Descargar el bolet\u00edn de inscripci\u00f3n<\/a> y remitirlo a\u00a0<a href=\"mailto:jjccparatodos@gmail.com\"><strong>jjccparatodos@gmail.com<\/strong><\/a><\/li>\n<\/ul>\n<h2><b>PLAZOS DE SOLICITUD<\/b><\/h2>\n<ul>\n<li style=\"text-align: justify;\">Centros con aporte de experiencias: antes del <strong>19 de Febrero<\/strong> (inclusive).<a href=\"http:\/\/aaquarks.com\/blog\/wp-content\/uploads\/2016\/02\/IMG_0506.jpg\" rel=\"attachment wp-att-274\"><img loading=\"lazy\" decoding=\"async\" class=\" wp-image-274 alignright\" src=\"http:\/\/aaquarks.com\/blog\/wp-content\/uploads\/2016\/02\/IMG_0506.jpg\" alt=\"IMG_0506\" width=\"517\" height=\"345\" srcset=\"https:\/\/aaquarks.com\/blog\/wp-content\/uploads\/2016\/02\/IMG_0506.jpg 800w, https:\/\/aaquarks.com\/blog\/wp-content\/uploads\/2016\/02\/IMG_0506-300x200.jpg 300w, https:\/\/aaquarks.com\/blog\/wp-content\/uploads\/2016\/02\/IMG_0506-768x513.jpg 768w\" sizes=\"auto, (max-width: 517px) 100vw, 517px\" \/><\/a><\/li>\n<li style=\"text-align: justify;\">Centros visitantes: hasta el <strong>6 de Marzo<\/strong> (inclusive).<\/li>\n<li style=\"text-align: justify;\">Deber\u00e1n especificarse niveles (edades) de los alumnos que desean participar.<\/li>\n<li style=\"text-align: justify;\">Para cada uno de los itinerarios de visita se formar\u00e1n grupos de 15 alumnos\/as, los cuales deber\u00e1n venir acompa\u00f1ados y guiados, cada uno de ellos, por un profesor.<\/li>\n<\/ul>\n<h2>DESCARGAS<\/h2>\n<ul>\n<li><a href=\"http:\/\/aaquarks.com\/blog\/wp-content\/uploads\/2016\/02\/D\u00edptico-Jornadas-Apaisado-1.pdf\" target=\"_blank\">D\u00edptico\u00a0Informativo<\/a><\/li>\n<li><a href=\"http:\/\/aaquarks.com\/blog\/wp-content\/uploads\/2016\/02\/VII_JJCC_Inscripcion_para_visita_2016.docx\" target=\"_blank\">Bolet\u00edn de solicitud de visita a las Jornadas<\/a>.<\/li>\n<li><a href=\"http:\/\/aaquarks.com\/blog\/wp-content\/uploads\/2016\/02\/CARTEL-VII-Jornadas-Ciencia.jpg\" target=\"_blank\">Cartel VII edici\u00f3n<\/a><a href=\"http:\/\/aaquarks.com\/blog\/wp-content\/uploads\/2016\/02\/CARTEL-VII-Jornadas-Ciencia-MR.jpg\" target=\"_blank\" rel=\"attachment wp-att-258\"><br \/>\n<\/a><\/li>\n<\/ul>\n<p><a href=\"http:\/\/aaquarks.com\/blog\/wp-content\/uploads\/2016\/02\/CARTEL-VII-Jornadas-Ciencia.jpg\" rel=\"attachment wp-att-289\"><img loading=\"lazy\" decoding=\"async\" class=\"size-large wp-image-289 aligncenter\" src=\"http:\/\/aaquarks.com\/blog\/wp-content\/uploads\/2016\/02\/CARTEL-VII-Jornadas-Ciencia-724x1024.jpg\" alt=\"CARTEL VII Jornadas Ciencia\" width=\"720\" height=\"1018\" srcset=\"https:\/\/aaquarks.com\/blog\/wp-content\/uploads\/2016\/02\/CARTEL-VII-Jornadas-Ciencia-724x1024.jpg 724w, https:\/\/aaquarks.com\/blog\/wp-content\/uploads\/2016\/02\/CARTEL-VII-Jornadas-Ciencia-212x300.jpg 212w, https:\/\/aaquarks.com\/blog\/wp-content\/uploads\/2016\/02\/CARTEL-VII-Jornadas-Ciencia-768x1086.jpg 768w\" sizes=\"auto, (max-width: 720px) 100vw, 720px\" \/><\/a><\/p>\n<h2 style=\"text-align: center;\"><b>\u00a0ORGANIZA<\/b><\/h2>\n<p style=\"text-align: center;\">\u00a0La Asociaci\u00f3n Cultural <strong><i>RenaCiencia<\/i><\/strong><\/p>\n<p style=\"text-align: center;\">Asociaci\u00f3n integrada por profesorado de los Centros:<\/p>\n<p style=\"text-align: center;\">IES <i>Andr\u00e9s de Vandelvira <\/i>(Baeza),<\/p>\n<p style=\"text-align: center;\">Colegio <i>Santo Domingo Savio <\/i>(\u00dabeda), IES <i>Los Cerros <\/i>(\u00dabeda),<\/p>\n<p style=\"text-align: center;\">IES <i>Francisco de los Cobos <\/i>(\u00dabeda), IES <i>San Juan de la Cruz <\/i>(\u00dabeda),<\/p>\n<p style=\"text-align: center;\">Colegio <i>La Milagrosa <\/i>(\u00dabeda),\u00a0 IES <i>Iulia Salaria <\/i>(Sabiote),<\/p>\n<p style=\"text-align: center;\">Escuelas Profesionales <i>SAFA <\/i>(\u00dabeda),<\/p>\n<p style=\"text-align: center;\">Centro Universitario\u00a0<i>Sagrada Familia <\/i>de \u00dabeda (adscrito a la Universidad de Ja\u00e9n)<\/p>\n<p><b>\u00a0<\/b><\/p>\n<h2 style=\"text-align: center;\"><b>COLABORAN<\/b><\/h2>\n<p style=\"text-align: center;\">Excmo. Ayuntamiento de \u00dabeda, Consejer\u00eda de Educaci\u00f3n, FECYT<\/p>\n<p style=\"text-align: center;\">Fundaci\u00f3n Descubre, Fundaci\u00f3n Caja Rural de Ja\u00e9n<\/p>\n<p style=\"text-align: center;\">Red de Ferias de la ciencia y la innovaci\u00f3n de Andaluc\u00eda<\/p>\n<p style=\"text-align: center;\">Obra social La Caixa, Fundaci\u00f3n Cajasur<\/p>\n<p style=\"text-align: center;\">Proyecto Ciudad Ciencia, CSIC, Universidad de Ja\u00e9n<\/p>\n<p style=\"text-align: center;\">Parque de las Ciencias de Granada, Centro Principia de M\u00e1laga<\/p>\n<p style=\"text-align: center;\">Proyecto Mascil, CEP de \u00dabeda, Planetario de \u00dabeda<\/p>\n<p style=\"text-align: center;\">Liderfil, Carlin, Imprenta Picasso, Catering Delicias, Cl\u00ednicas Ruiz y Cobo<\/p>\n<p style=\"text-align: center;\">M. Martos, Asociaci\u00f3n Astron\u00f3mica Quarks, Alfarer\u00eda Tito<\/p>\n<p style=\"text-align: center;\">Hotel Santa Maria, Hotel \u00c1lvar F\u00e1\u00f1ez, Asador Al Andalus<\/p>\n<p style=\"text-align: center;\">Escuelas Prof. SAFA: Centro Universitario <i>Sagrada Familia<\/i><\/p>\n<p style=\"text-align: center;\">Ciclo de Grado Superior de \u201cGu\u00eda, Informaci\u00f3n y Asistencias Tur\u00edsticas\u201d y<\/p>\n<p style=\"text-align: center;\">Ciclo de Grado Medio de \u201cServicios en Restauraci\u00f3n\u201d<\/p>\n","protected":false},"excerpt":{"rendered":"<p>Desde hace varios a\u00f1os, la asociaci\u00f3n cultural Renaciencia, integrada por docentes de varios centros de la localidad de \u00dabeda y comarca, organiza y coordina las Jornadas de Ciencia para tod@s. Este gran evento de&#46;&#46;&#46;<\/p>\n","protected":false},"author":2,"featured_media":279,"comment_status":"closed","ping_status":"closed","sticky":false,"template":"","format":"standard","meta":{"footnotes":""},"categories":[41],"tags":[],"class_list":["post-373","post","type-post","status-publish","format-standard","has-post-thumbnail","hentry","category-actividades"],"_links":{"self":[{"href":"https:\/\/aaquarks.com\/blog\/index.php?rest_route=\/wp\/v2\/posts\/373","targetHints":{"allow":["GET"]}}],"collection":[{"href":"https:\/\/aaquarks.com\/blog\/index.php?rest_route=\/wp\/v2\/posts"}],"about":[{"href":"https:\/\/aaquarks.com\/blog\/index.php?rest_route=\/wp\/v2\/types\/post"}],"author":[{"embeddable":true,"href":"https:\/\/aaquarks.com\/blog\/index.php?rest_route=\/wp\/v2\/users\/2"}],"replies":[{"embeddable":true,"href":"https:\/\/aaquarks.com\/blog\/index.php?rest_route=%2Fwp%2Fv2%2Fcomments&post=373"}],"version-history":[{"count":1,"href":"https:\/\/aaquarks.com\/blog\/index.php?rest_route=\/wp\/v2\/posts\/373\/revisions"}],"predecessor-version":[{"id":374,"href":"https:\/\/aaquarks.com\/blog\/index.php?rest_route=\/wp\/v2\/posts\/373\/revisions\/374"}],"wp:featuredmedia":[{"embeddable":true,"href":"https:\/\/aaquarks.com\/blog\/index.php?rest_route=\/wp\/v2\/media\/279"}],"wp:attachment":[{"href":"https:\/\/aaquarks.com\/blog\/index.php?rest_route=%2Fwp%2Fv2%2Fmedia&parent=373"}],"wp:term":[{"taxonomy":"category","embeddable":true,"href":"https:\/\/aaquarks.com\/blog\/index.php?rest_route=%2Fwp%2Fv2%2Fcategories&post=373"},{"taxonomy":"post_tag","embeddable":true,"href":"https:\/\/aaquarks.com\/blog\/index.php?rest_route=%2Fwp%2Fv2%2Ftags&post=373"}],"curies":[{"name":"wp","href":"https:\/\/api.w.org\/{rel}","templated":true}]}}