{"id":347,"date":"2016-11-05T14:18:50","date_gmt":"2016-11-05T13:18:50","guid":{"rendered":"http:\/\/aaquarks.com\/blog\/?p=347"},"modified":"2016-11-05T20:24:01","modified_gmt":"2016-11-05T19:24:01","slug":"espacio-ciencia-semana-de-la-ciencia-y-dia-internacional-del-ninoa-noviembre","status":"publish","type":"post","link":"https:\/\/aaquarks.com\/blog\/?p=347","title":{"rendered":"Espacio Ciencia. Semana de la ciencia y Dia Internacional del ni\u00f1o\/a, Noviembre."},"content":{"rendered":"<p><a href=\"http:\/\/aaquarks.com\/blog\/wp-content\/uploads\/2016\/11\/espacio-ciencia-ubeda-definitivo-en-rojo.jpg\"><img loading=\"lazy\" decoding=\"async\" class=\"aligncenter wp-image-350 size-full\" src=\"http:\/\/aaquarks.com\/blog\/wp-content\/uploads\/2016\/11\/espacio-ciencia-ubeda-definitivo-en-rojo-e1478351870998.jpg\" alt=\"espacio-ciencia-ubeda-definitivo-en-rojo\" width=\"1733\" height=\"494\" srcset=\"https:\/\/aaquarks.com\/blog\/wp-content\/uploads\/2016\/11\/espacio-ciencia-ubeda-definitivo-en-rojo-e1478351870998.jpg 1733w, https:\/\/aaquarks.com\/blog\/wp-content\/uploads\/2016\/11\/espacio-ciencia-ubeda-definitivo-en-rojo-e1478351870998-300x86.jpg 300w, https:\/\/aaquarks.com\/blog\/wp-content\/uploads\/2016\/11\/espacio-ciencia-ubeda-definitivo-en-rojo-e1478351870998-768x219.jpg 768w, https:\/\/aaquarks.com\/blog\/wp-content\/uploads\/2016\/11\/espacio-ciencia-ubeda-definitivo-en-rojo-e1478351870998-1024x292.jpg 1024w\" sizes=\"auto, (max-width: 1733px) 100vw, 1733px\" \/><\/a><\/p>\n<h3 style=\"text-align: center;\"><strong>Hospital de Santiago-\u00dabeda<\/strong><\/h3>\n<p style=\"text-align: justify;\">Desde el pasado mes de Abril, nuestra ciudad cuenta con una nueva infraestructura dirigida a la difusi\u00f3n de la cultura cient\u00edfica y apoyo a la ense\u00f1anza de las ciencias. <strong>Espacio Ciencia<\/strong> se ubica en las dependencias del Hospital de Santiago, integrando el equipamiento del <strong>Planetario de \u00dabeda y del observatorio astron\u00f3mico de la Fresnedilla<\/strong> en una \u00fanica estructura organizativa.<\/p>\n<p style=\"text-align: justify;\">La gesti\u00f3n y el desarrollo de este proyecto recae en las <strong>asociaciones Renaciencia y Quarks<\/strong>, constituidas en Federaci\u00f3n para este fin. Estas entidades vienen trabajando en el dise\u00f1o de contenidos y adecuaci\u00f3n de espacios, de forma que para el pr\u00f3ximo mes de Enero se prev\u00e9 la inauguraci\u00f3n y apertura definitiva del centro al p\u00fablico.<\/p>\n<p style=\"text-align: justify;\">No obstante, desde el curso pasado <strong>Espacio Ciencia<\/strong>, viene ofreciendo visitas a centros escolares y p\u00fablico general, especialmente familiar en horario de fin de semana. Estas \u00faltimas, \u00a0se reanudan la pr\u00f3xima semana con motivo de la celebraci\u00f3n de la <strong>Semana de la ciencia<\/strong> y del D\u00eda Internacional del ni\u00f1o\/a (ver detalle programa), en colaboraci\u00f3n con el <strong>\u00c1rea de Bienestar Social del Excmo. Ayuntamiento de \u00dabeda<\/strong>.<\/p>\n<p style=\"text-align: justify;\">El desarrollo de <strong>Espacio Ciencia<\/strong> cuenta con la colaboraci\u00f3n imprescindible del <strong>Excmo. Ayuntamiento de \u00dabeda<\/strong>, a trav\u00e9s de la cesi\u00f3n de espacios y la concreci\u00f3n de un acuerdo de colaboraci\u00f3n que permita ofrecer a la ciudadan\u00eda un extenso Plan anual de actividades, integrando propuestas como el programa <strong>CiudadCiencia<\/strong> (dependiente del CSIC).<\/p>\n<p style=\"text-align: justify;\">De igual forma, el pasado mes de Septiembre, <strong>Espacio Ciencia<\/strong> firm\u00f3 un acuerdo de colaboraci\u00f3n con la <strong>Obra Social la Caixa<\/strong>, por el que esta entidad financia las actuaciones y contenidos del centro en el \u00faltimo trimestre del a\u00f1o, convirti\u00e9ndose en Patrocinadora principal del proyecto.<\/p>\n<p style=\"text-align: justify;\">A lo largo de los \u00faltimos meses, el proyecto ha conseguido el respaldo y reconocimiento de entidades como la <strong>Universidad de Ja\u00e9n<\/strong>, realizando la Gala final de la <strong>Noche de los investigadores<\/strong>, o del <strong>Colegio Oficial de Qu\u00edmicos<\/strong>, que otorgar\u00e1 en las instalaciones de la UJA el pr\u00f3ximo dia 8 de Noviembre, el premio de Divulgaci\u00f3n cient\u00edfica a la Asociaci\u00f3n Renaciencia por su trayectoria en la difusi\u00f3n de la cultura cient\u00edfica entre los escolares de la provincia por su iniciativa de Jornada de ciencia para tod@s.<\/p>\n<h3 style=\"text-align: justify;\"><strong>Programa Semana de la ciencia -Dia Internacional del ni\u00f1o\/a\u00a02016<\/strong><\/h3>\n<ul style=\"text-align: justify;\">\n<li><strong>10 de Noviembre<\/strong>. Observaci\u00f3n astron\u00f3mica. CEIP. Nuestra Sra. Del Rosario. 18:30 horas. Dirigido exclusivamente a alumnos del centro y familiares.<\/li>\n<li><strong>12 de Noviembre.<\/strong> Visita guiada a Espacio Ciencia, Hospital de Santiago de \u00dabeda. 11:30 a 13:30. P\u00fablico familiar.<\/li>\n<\/ul>\n<p style=\"text-align: justify;\">Imprescindible reserva previa: <a href=\"mailto:espaciocienciaubeda@gmail.com\">espaciocienciaubeda@gmail.com<\/a>. Actividad conmemorativa del Dia Internacional del ni\u00f1o\/a. Coordina y promueve: <strong>\u00c1rea de Bienestar Social del Excmo. Ayuntamiento de \u00dabeda<\/strong>.<\/p>\n<ul style=\"text-align: justify;\">\n<li><strong>14 de Noviembre.<\/strong> Visitas guiadas a Espacio Ciencia, Hospital de Santiago de \u00dabeda. 9:30 a 13:30. Grupos de infantil y primaria centro escolares de la comarca.<\/li>\n<\/ul>\n<p style=\"text-align: justify;\">Imprescindible reserva previa: <a href=\"jframirez.pmss_ubeda@hotmail.com\">jframirez.pmss_ubeda@hotmail.com<\/a>. Actividad conmemorativa del Dia Internacional del ni\u00f1o\/a. Coordina y promueve: <strong>\u00c1rea de Bienestar Social del Excmo. Ayuntamiento de \u00dabeda<\/strong>.<\/p>\n<p style=\"text-align: justify;\"><a href=\"http:\/\/aaquarks.com\/blog\/wp-content\/uploads\/2016\/11\/SemanaCiencia2016_espaciociencia-BR.jpg\"><img loading=\"lazy\" decoding=\"async\" class=\"size-full wp-image-352 aligncenter\" src=\"http:\/\/aaquarks.com\/blog\/wp-content\/uploads\/2016\/11\/SemanaCiencia2016_espaciociencia-BR.jpg\" alt=\"semanaciencia2016_espaciociencia-br\" width=\"2337\" height=\"3306\" srcset=\"https:\/\/aaquarks.com\/blog\/wp-content\/uploads\/2016\/11\/SemanaCiencia2016_espaciociencia-BR.jpg 2337w, https:\/\/aaquarks.com\/blog\/wp-content\/uploads\/2016\/11\/SemanaCiencia2016_espaciociencia-BR-212x300.jpg 212w, https:\/\/aaquarks.com\/blog\/wp-content\/uploads\/2016\/11\/SemanaCiencia2016_espaciociencia-BR-768x1086.jpg 768w, https:\/\/aaquarks.com\/blog\/wp-content\/uploads\/2016\/11\/SemanaCiencia2016_espaciociencia-BR-724x1024.jpg 724w\" sizes=\"auto, (max-width: 2337px) 100vw, 2337px\" \/><\/a><\/p>\n","protected":false},"excerpt":{"rendered":"<p>Hospital de Santiago-\u00dabeda Desde el pasado mes de Abril, nuestra ciudad cuenta con una nueva infraestructura dirigida a la difusi\u00f3n de la cultura cient\u00edfica y apoyo a la ense\u00f1anza de las ciencias. Espacio Ciencia&#46;&#46;&#46;<\/p>\n","protected":false},"author":2,"featured_media":349,"comment_status":"closed","ping_status":"closed","sticky":false,"template":"","format":"standard","meta":{"footnotes":""},"categories":[41],"tags":[],"class_list":["post-347","post","type-post","status-publish","format-standard","has-post-thumbnail","hentry","category-actividades"],"_links":{"self":[{"href":"https:\/\/aaquarks.com\/blog\/index.php?rest_route=\/wp\/v2\/posts\/347","targetHints":{"allow":["GET"]}}],"collection":[{"href":"https:\/\/aaquarks.com\/blog\/index.php?rest_route=\/wp\/v2\/posts"}],"about":[{"href":"https:\/\/aaquarks.com\/blog\/index.php?rest_route=\/wp\/v2\/types\/post"}],"author":[{"embeddable":true,"href":"https:\/\/aaquarks.com\/blog\/index.php?rest_route=\/wp\/v2\/users\/2"}],"replies":[{"embeddable":true,"href":"https:\/\/aaquarks.com\/blog\/index.php?rest_route=%2Fwp%2Fv2%2Fcomments&post=347"}],"version-history":[{"count":2,"href":"https:\/\/aaquarks.com\/blog\/index.php?rest_route=\/wp\/v2\/posts\/347\/revisions"}],"predecessor-version":[{"id":353,"href":"https:\/\/aaquarks.com\/blog\/index.php?rest_route=\/wp\/v2\/posts\/347\/revisions\/353"}],"wp:featuredmedia":[{"embeddable":true,"href":"https:\/\/aaquarks.com\/blog\/index.php?rest_route=\/wp\/v2\/media\/349"}],"wp:attachment":[{"href":"https:\/\/aaquarks.com\/blog\/index.php?rest_route=%2Fwp%2Fv2%2Fmedia&parent=347"}],"wp:term":[{"taxonomy":"category","embeddable":true,"href":"https:\/\/aaquarks.com\/blog\/index.php?rest_route=%2Fwp%2Fv2%2Fcategories&post=347"},{"taxonomy":"post_tag","embeddable":true,"href":"https:\/\/aaquarks.com\/blog\/index.php?rest_route=%2Fwp%2Fv2%2Ftags&post=347"}],"curies":[{"name":"wp","href":"https:\/\/api.w.org\/{rel}","templated":true}]}}