{"id":3427,"date":"2019-03-09T18:09:00","date_gmt":"2019-03-09T17:09:00","guid":{"rendered":"http:\/\/aaquarks.com\/blog\/?p=3427"},"modified":"2020-02-15T18:11:26","modified_gmt":"2020-02-15T17:11:26","slug":"presentacion-x-jornadas-de-ciencias-para-tods-2019-27-marzo","status":"publish","type":"post","link":"https:\/\/aaquarks.com\/blog\/?p=3427","title":{"rendered":"Presentaci\u00f3n X Jornadas de ciencias para tod@s 2019, 27 Marzo."},"content":{"rendered":"\n<div class=\"wp-block-media-text alignwide\" style=\"grid-template-columns:74% auto\"><figure class=\"wp-block-media-text__media\"><img decoding=\"async\" src=\"https:\/\/lh4.googleusercontent.com\/7d0uBSHrySFq4d7dRCud6QIQdyLcY2LnRN-B1RH8gjfdtLFaltuZI9KAaEfaTalQtnriuUGmEg=w1705\" alt=\"\"\/><\/figure><div class=\"wp-block-media-text__content\">\n<p class=\"has-large-font-size\"><img loading=\"lazy\" decoding=\"async\" width=\"150\" height=\"39\" class=\"wp-image-3397\" style=\"width: 150px;\" src=\"http:\/\/aaquarks.com\/blog\/wp-content\/uploads\/2020\/02\/Marca-DescubreB-HTML-540x355-3-e1581191005499.png\" alt=\"\" srcset=\"https:\/\/aaquarks.com\/blog\/wp-content\/uploads\/2020\/02\/Marca-DescubreB-HTML-540x355-3-e1581191005499.png 507w, https:\/\/aaquarks.com\/blog\/wp-content\/uploads\/2020\/02\/Marca-DescubreB-HTML-540x355-3-e1581191005499-300x78.png 300w\" sizes=\"auto, (max-width: 150px) 100vw, 150px\" \/><\/p>\n<\/div><\/div>\n\n\n\n<div class=\"wp-block-image\"><figure class=\"aligncenter size-large\"><img loading=\"lazy\" decoding=\"async\" width=\"1024\" height=\"555\" src=\"http:\/\/aaquarks.com\/blog\/wp-content\/uploads\/2020\/02\/CARTEL-X-Jornadas-Ciencia-cabecera-1-1024x555.jpg\" alt=\"\" class=\"wp-image-3335\" srcset=\"https:\/\/aaquarks.com\/blog\/wp-content\/uploads\/2020\/02\/CARTEL-X-Jornadas-Ciencia-cabecera-1-1024x555.jpg 1024w, https:\/\/aaquarks.com\/blog\/wp-content\/uploads\/2020\/02\/CARTEL-X-Jornadas-Ciencia-cabecera-1-300x163.jpg 300w, https:\/\/aaquarks.com\/blog\/wp-content\/uploads\/2020\/02\/CARTEL-X-Jornadas-Ciencia-cabecera-1-768x416.jpg 768w, https:\/\/aaquarks.com\/blog\/wp-content\/uploads\/2020\/02\/CARTEL-X-Jornadas-Ciencia-cabecera-1.jpg 1493w\" sizes=\"auto, (max-width: 1024px) 100vw, 1024px\" \/><\/figure><\/div>\n\n\n\n<div class=\"wp-block-image\"><figure class=\"aligncenter size-large\"><img loading=\"lazy\" decoding=\"async\" width=\"1024\" height=\"207\" src=\"http:\/\/aaquarks.com\/blog\/wp-content\/uploads\/2020\/02\/ministerio-fecyt-con-banderas-01_JPG-3-1024x207.jpg\" alt=\"\" class=\"wp-image-3415\" srcset=\"https:\/\/aaquarks.com\/blog\/wp-content\/uploads\/2020\/02\/ministerio-fecyt-con-banderas-01_JPG-3-1024x207.jpg 1024w, https:\/\/aaquarks.com\/blog\/wp-content\/uploads\/2020\/02\/ministerio-fecyt-con-banderas-01_JPG-3-300x61.jpg 300w, https:\/\/aaquarks.com\/blog\/wp-content\/uploads\/2020\/02\/ministerio-fecyt-con-banderas-01_JPG-3-768x155.jpg 768w, https:\/\/aaquarks.com\/blog\/wp-content\/uploads\/2020\/02\/ministerio-fecyt-con-banderas-01_JPG-3.jpg 1100w\" sizes=\"auto, (max-width: 1024px) 100vw, 1024px\" \/><\/figure><\/div>\n\n\n\n<div class=\"wp-block-image\"><figure class=\"aligncenter size-large is-resized\"><img loading=\"lazy\" decoding=\"async\" src=\"http:\/\/aaquarks.com\/blog\/wp-content\/uploads\/2020\/02\/Red-Ferias-Marca-1-3.jpg\" alt=\"\" class=\"wp-image-3369\" width=\"288\" height=\"164\" srcset=\"https:\/\/aaquarks.com\/blog\/wp-content\/uploads\/2020\/02\/Red-Ferias-Marca-1-3.jpg 510w, https:\/\/aaquarks.com\/blog\/wp-content\/uploads\/2020\/02\/Red-Ferias-Marca-1-3-300x170.jpg 300w\" sizes=\"auto, (max-width: 288px) 100vw, 288px\" \/><\/figure><\/div>\n\n\n\n<p class=\"has-text-align-left\">El\u00a0<strong>pr\u00f3ximo viernes 27 de marzo<\/strong>, tendr\u00e1 lugar el acto de <strong>presentaci\u00f3n de las X Jornadas de Ciencia para tod@s<\/strong>, en el que se ofrecer\u00e1 una visita al Planetario y una actividad divulgativa en el Centro de Divulgaci\u00f3n Cient\u00edfica \u201cEspacio Ciencia\u201d en la que asistiremos a una reproducci\u00f3n de un taller similar a los que Michael Faraday impart\u00eda en el siglo XIX:\u00a0<strong>\u201c<\/strong><em><strong>Michael Faraday, el nacimiento de un nuevo tiempo<\/strong><\/em>\u201d por\u00a0<strong>Juan Antonio Jim\u00e9nez Salas.\u00a0<\/strong><\/p>\n\n\n\n<div class=\"wp-block-image\"><figure class=\"aligncenter size-large\"><img loading=\"lazy\" decoding=\"async\" width=\"564\" height=\"283\" src=\"http:\/\/aaquarks.com\/blog\/wp-content\/uploads\/2020\/02\/image.png\" alt=\"\" class=\"wp-image-3431\" srcset=\"https:\/\/aaquarks.com\/blog\/wp-content\/uploads\/2020\/02\/image.png 564w, https:\/\/aaquarks.com\/blog\/wp-content\/uploads\/2020\/02\/image-300x151.png 300w\" sizes=\"auto, (max-width: 564px) 100vw, 564px\" \/><\/figure><\/div>\n\n\n\n<h3 class=\"has-text-align-center wp-block-heading\"><strong>Viernes, 27 de marzo. <\/strong><\/h3>\n\n\n\n<h3 class=\"has-text-align-center wp-block-heading\"><strong>Programa<\/strong><\/h3>\n\n\n\n<h3 class=\"has-text-align-center wp-block-heading\"><strong>Presentaci\u00f3n&nbsp;X Jornadas de ciencias\npara tod@s 2019<\/strong><\/h3>\n\n\n\n<p> 18.00 h: Reuni\u00f3n informativa para los docentes responsables de los grupos que participan como monitores\/as de las experiencias.<\/p>\n\n\n\n<p>18:30 h: Taller\u00a0\u201cMichael Faraday, el nacimiento de un nuevo tiempo\u201d\u00a0por\u00a0D. Juan Antonio Jim\u00e9nez Salas, Licenciado en Qu\u00edmica e Ingeniero Industrial que\u00a0desarrolla su actividad en el \u00e1mbito educativo, participando de forma activa en acciones\u00a0formativas.<\/p>\n\n\n\n<h3 class=\"wp-block-heading\"><strong>Visita guiada a Espacio Ciencia y\nPlanetario:<\/strong><\/h3>\n\n\n\n<ul class=\"wp-block-list\"><li>Sala de m\u00f3dulos \u201cLise Meitner\u201d.<\/li><li>Planetario: Sesi\u00f3n \u201cEl\nRenacimiento de la Astronom\u00eda\u201d<\/li><\/ul>\n\n\n\n<figure class=\"wp-block-gallery aligncenter columns-1 is-cropped wp-block-gallery-1 is-layout-flex wp-block-gallery-is-layout-flex\"><ul class=\"blocks-gallery-grid\"><li class=\"blocks-gallery-item\"><figure><img loading=\"lazy\" decoding=\"async\" width=\"1024\" height=\"768\" src=\"http:\/\/aaquarks.com\/blog\/wp-content\/uploads\/2020\/02\/IMG-20190322-WA0012-1024x768.jpg\" alt=\"\" data-id=\"3428\" data-link=\"http:\/\/aaquarks.com\/blog\/?attachment_id=3428\" class=\"wp-image-3428\" srcset=\"https:\/\/aaquarks.com\/blog\/wp-content\/uploads\/2020\/02\/IMG-20190322-WA0012-1024x768.jpg 1024w, https:\/\/aaquarks.com\/blog\/wp-content\/uploads\/2020\/02\/IMG-20190322-WA0012-300x225.jpg 300w, https:\/\/aaquarks.com\/blog\/wp-content\/uploads\/2020\/02\/IMG-20190322-WA0012-768x576.jpg 768w, https:\/\/aaquarks.com\/blog\/wp-content\/uploads\/2020\/02\/IMG-20190322-WA0012-1536x1152.jpg 1536w, https:\/\/aaquarks.com\/blog\/wp-content\/uploads\/2020\/02\/IMG-20190322-WA0012.jpg 1600w\" sizes=\"auto, (max-width: 1024px) 100vw, 1024px\" \/><\/figure><\/li><li class=\"blocks-gallery-item\"><figure><img loading=\"lazy\" decoding=\"async\" width=\"1024\" height=\"768\" src=\"http:\/\/aaquarks.com\/blog\/wp-content\/uploads\/2020\/02\/IMG_20190322_191931-1024x768.jpg\" alt=\"\" data-id=\"3429\" data-link=\"http:\/\/aaquarks.com\/blog\/?attachment_id=3429\" class=\"wp-image-3429\" srcset=\"https:\/\/aaquarks.com\/blog\/wp-content\/uploads\/2020\/02\/IMG_20190322_191931-1024x768.jpg 1024w, https:\/\/aaquarks.com\/blog\/wp-content\/uploads\/2020\/02\/IMG_20190322_191931-300x225.jpg 300w, https:\/\/aaquarks.com\/blog\/wp-content\/uploads\/2020\/02\/IMG_20190322_191931-768x576.jpg 768w, https:\/\/aaquarks.com\/blog\/wp-content\/uploads\/2020\/02\/IMG_20190322_191931-1536x1152.jpg 1536w, https:\/\/aaquarks.com\/blog\/wp-content\/uploads\/2020\/02\/IMG_20190322_191931-2048x1536.jpg 2048w\" sizes=\"auto, (max-width: 1024px) 100vw, 1024px\" \/><\/figure><\/li><li class=\"blocks-gallery-item\"><figure><img loading=\"lazy\" decoding=\"async\" width=\"1024\" height=\"768\" src=\"http:\/\/aaquarks.com\/blog\/wp-content\/uploads\/2020\/02\/IMG_20190322_185809-1024x768.jpg\" alt=\"\" data-id=\"3430\" data-full-url=\"http:\/\/aaquarks.com\/blog\/wp-content\/uploads\/2020\/02\/IMG_20190322_185809-scaled.jpg\" data-link=\"http:\/\/aaquarks.com\/blog\/?attachment_id=3430\" class=\"wp-image-3430\" srcset=\"https:\/\/aaquarks.com\/blog\/wp-content\/uploads\/2020\/02\/IMG_20190322_185809-1024x768.jpg 1024w, https:\/\/aaquarks.com\/blog\/wp-content\/uploads\/2020\/02\/IMG_20190322_185809-300x225.jpg 300w, https:\/\/aaquarks.com\/blog\/wp-content\/uploads\/2020\/02\/IMG_20190322_185809-768x576.jpg 768w, https:\/\/aaquarks.com\/blog\/wp-content\/uploads\/2020\/02\/IMG_20190322_185809-1536x1152.jpg 1536w, https:\/\/aaquarks.com\/blog\/wp-content\/uploads\/2020\/02\/IMG_20190322_185809-2048x1536.jpg 2048w\" sizes=\"auto, (max-width: 1024px) 100vw, 1024px\" \/><\/figure><\/li><\/ul><\/figure>\n\n\n\n<h2 class=\"has-text-align-center wp-block-heading\"><strong>Asociaci\u00f3n Renaciencia<\/strong><\/h2>\n\n\n\n<p class=\"has-text-align-center\"><strong>X\nJornadas&nbsp;de Ciencia para tod@s<\/strong><\/p>\n\n\n\n<p class=\"has-text-align-center\"><strong>\u00dabeda\n2019<\/strong><\/p>\n\n\n\n<p class=\"has-text-align-center\"><strong>8\nal 10 de Abril<\/strong><\/p>\n\n\n\n<p class=\"has-text-align-center\"><strong>Centro\nCultural Hospital de Santiago<\/strong><\/p>\n\n\n\n<p class=\"has-text-align-center\"><a href=\"http:\/\/www.aaquarks.com\/web\/Asociacion_Astronomica_Quarks\/Actividades____Actividades_del_2011\/Paginas\/II_Jornadas_Ciencia_para_Tod%40s.html\">Acceso\na la galer\u00eda de im\u00e1genes de ediciones anteriores<\/a><\/p>\n\n\n\n<p class=\"has-text-align-center\"><strong>&nbsp;\n&nbsp;<\/strong><a href=\"mailto:jjccparatodos@gmail.com\"><strong>jjccparatodos@gmail.com<\/strong><\/a><strong>&nbsp;&nbsp;&nbsp; <\/strong>&nbsp; &nbsp;<a href=\"https:\/\/www.facebook.com\/RenacienciaUbeda\/?fref=ts\">FACEBOOK<\/a>&nbsp;\n&nbsp; &nbsp; &nbsp;&nbsp;<a href=\"https:\/\/twitter.com\/jjccparatodos\">@jjccparatodos<\/a>&nbsp;&nbsp;<\/p>\n","protected":false},"excerpt":{"rendered":"<p>El\u00a0pr\u00f3ximo viernes 27 de marzo, tendr\u00e1 lugar el acto de presentaci\u00f3n de las X Jornadas de Ciencia para tod@s, en el que se ofrecer\u00e1 una visita al Planetario y una actividad divulgativa en el&#46;&#46;&#46;<\/p>\n","protected":false},"author":1,"featured_media":3431,"comment_status":"closed","ping_status":"closed","sticky":false,"template":"","format":"standard","meta":{"footnotes":""},"categories":[1],"tags":[],"class_list":["post-3427","post","type-post","status-publish","format-standard","has-post-thumbnail","hentry","category-sin-categoria"],"_links":{"self":[{"href":"https:\/\/aaquarks.com\/blog\/index.php?rest_route=\/wp\/v2\/posts\/3427","targetHints":{"allow":["GET"]}}],"collection":[{"href":"https:\/\/aaquarks.com\/blog\/index.php?rest_route=\/wp\/v2\/posts"}],"about":[{"href":"https:\/\/aaquarks.com\/blog\/index.php?rest_route=\/wp\/v2\/types\/post"}],"author":[{"embeddable":true,"href":"https:\/\/aaquarks.com\/blog\/index.php?rest_route=\/wp\/v2\/users\/1"}],"replies":[{"embeddable":true,"href":"https:\/\/aaquarks.com\/blog\/index.php?rest_route=%2Fwp%2Fv2%2Fcomments&post=3427"}],"version-history":[{"count":2,"href":"https:\/\/aaquarks.com\/blog\/index.php?rest_route=\/wp\/v2\/posts\/3427\/revisions"}],"predecessor-version":[{"id":3434,"href":"https:\/\/aaquarks.com\/blog\/index.php?rest_route=\/wp\/v2\/posts\/3427\/revisions\/3434"}],"wp:featuredmedia":[{"embeddable":true,"href":"https:\/\/aaquarks.com\/blog\/index.php?rest_route=\/wp\/v2\/media\/3431"}],"wp:attachment":[{"href":"https:\/\/aaquarks.com\/blog\/index.php?rest_route=%2Fwp%2Fv2%2Fmedia&parent=3427"}],"wp:term":[{"taxonomy":"category","embeddable":true,"href":"https:\/\/aaquarks.com\/blog\/index.php?rest_route=%2Fwp%2Fv2%2Fcategories&post=3427"},{"taxonomy":"post_tag","embeddable":true,"href":"https:\/\/aaquarks.com\/blog\/index.php?rest_route=%2Fwp%2Fv2%2Ftags&post=3427"}],"curies":[{"name":"wp","href":"https:\/\/api.w.org\/{rel}","templated":true}]}}