{"id":329,"date":"2016-06-29T11:29:50","date_gmt":"2016-06-29T09:29:50","guid":{"rendered":"http:\/\/aaquarks.com\/blog\/?p=329"},"modified":"2016-07-26T13:26:21","modified_gmt":"2016-07-26T11:26:21","slug":"programa-de-observaciones-verano-2016","status":"publish","type":"post","link":"https:\/\/aaquarks.com\/blog\/?p=329","title":{"rendered":"Programa de observaciones Verano 2016"},"content":{"rendered":"<h3><a href=\"http:\/\/turismodeubeda.com\/index.php\/es\/agenda-cultural\/fiestas\/fiestas-del-renacimiento\">Fiestas del Renacimiento de \u00dabeda<\/a><\/h3>\n<p><a href=\"http:\/\/turismodeubeda.com\/index.php\/es\/agenda-cultural\/fiestas\/fiestas-del-renacimiento\" target=\"_blank\"><img loading=\"lazy\" decoding=\"async\" class=\"wp-image-333 alignleft\" src=\"http:\/\/aaquarks.com\/blog\/wp-content\/uploads\/2016\/06\/cartel15_g.jpg\" alt=\"cartel15_g\" width=\"309\" height=\"438\" srcset=\"https:\/\/aaquarks.com\/blog\/wp-content\/uploads\/2016\/06\/cartel15_g.jpg 635w, https:\/\/aaquarks.com\/blog\/wp-content\/uploads\/2016\/06\/cartel15_g-212x300.jpg 212w\" sizes=\"auto, (max-width: 309px) 100vw, 309px\" \/><\/a><\/p>\n<p style=\"text-align: justify;\">En julio se celebran las <b>Fiestas del Renacimiento<\/b>, fiestas que conmemoran la declaraci\u00f3n de \u00dabeda y Baeza como Ciudades Patrimonio de la Humanidad el 3 de julio de 2003, en concreto, este a\u00f1o celebramos el <strong>12\u00ba aniversario<\/strong>.<\/p>\n<p><strong>1 de Julio<\/strong><\/p>\n<p style=\"text-align: justify;\">20:00 HORAS. Planetario de la Asociaci\u00f3n Quarks. Hospital de Santiago. Visita guiada al Planetario: \u201c<strong>VISI\u00d3N RENACENTISTA DE LOS ORBES CELESTES<\/strong>\u201d y Visita guiada al <strong>MUSEO DE LA CIENCIA<\/strong> del Hospital de Santiago: \u201c<strong>EXPERIENCIAS CL\u00c1SICAS: DEL RENACIMIENTO A LA ACTUALIDAD<\/strong>\u201d.<\/p>\n<p style=\"text-align: justify;\">22:00 HORAS. Hospital de Santiago: <strong>OBSERVACI\u00d3N ASTRON\u00d3MICA CON INSTRUMENTOS CL\u00c1SICOS<\/strong> (reproducciones de los telescopios de Galileo, Newton y Herschel) y <strong>PROYECCI\u00d3N AUDIOVISUAL \u201cLA ASTRONOM\u00cdA DEL RENACIMIENTO\u201d<\/strong> en la fachada del Hospital de Santiago.<\/p>\n<p>&nbsp;<\/p>\n<h3>Noche de estrellas en el Parador de Cazorla<\/h3>\n<p style=\"text-align: justify;\"><a href=\"http:\/\/aaquarks.com\/blog\/wp-content\/uploads\/2015\/07\/exterior_02_35.jpg\"><img loading=\"lazy\" decoding=\"async\" class=\"wp-image-155 alignleft\" src=\"http:\/\/aaquarks.com\/blog\/wp-content\/uploads\/2015\/07\/exterior_02_35.jpg\" alt=\"exterior_02_35\" width=\"372\" height=\"215\" srcset=\"https:\/\/aaquarks.com\/blog\/wp-content\/uploads\/2015\/07\/exterior_02_35.jpg 900w, https:\/\/aaquarks.com\/blog\/wp-content\/uploads\/2015\/07\/exterior_02_35-300x173.jpg 300w\" sizes=\"auto, (max-width: 372px) 100vw, 372px\" \/><\/a>\u00a0<span class=\"style_3\">Como cada verano y fiel a su cita, el firmamento nos deleita con un baile de estrellas titilantes encima de nuestras cabezas. Con el programa \u00abNoches de Estrellas\u00bb, el Parador de Cazorla ofrece a sus clientes la posibilidad de acercarse a un cielo de una calidad envidiable ofreciendo claves para su observaci\u00f3n y los objetos que pueden observarse con diferente instrumental.<br \/>\n<\/span><\/p>\n<p class=\"paragraph_style_1\" style=\"text-align: justify;\"><span class=\"style_3\">La Asociaci\u00f3n Astron\u00f3mica Quarks colabora en el desarrollo de estas actividades aportando los monitores y el instrumental de observaci\u00f3n. Actividad reservada a clientes del Parador.<\/span><\/p>\n<p class=\"paragraph_style_1\" style=\"text-align: justify;\">Fechas: 2 y 30 de Julio y 6 de Agosto<\/p>\n<p class=\"paragraph_style_1\" style=\"text-align: justify;\">Reservas:\u00a0<a href=\"http:\/\/www.parador.es\/es\/paradores\/parador-de-cazorla\" target=\"_blank\">www.parador.es\/es\/paradores\/parador-de-cazorla<\/a>\u00a0y\u00a0953727075<\/p>\n<h3 class=\"paragraph_style_1\" style=\"text-align: justify;\">Verano de estrellas. <a href=\"http:\/\/aaquarks.com\/blog\/?page_id=56\">Observatorio de la Fresnedilla<\/a><br \/>\n<a href=\"http:\/\/aaquarks.com\/blog\/wp-content\/uploads\/2016\/06\/IMG_0916-1024x569.jpg\"><img loading=\"lazy\" decoding=\"async\" class=\"size-full wp-image-331 alignleft\" src=\"http:\/\/aaquarks.com\/blog\/wp-content\/uploads\/2016\/06\/IMG_0916-1024x569.jpg\" alt=\"IMG_0916-1024x569\" width=\"1024\" height=\"569\" srcset=\"https:\/\/aaquarks.com\/blog\/wp-content\/uploads\/2016\/06\/IMG_0916-1024x569.jpg 1024w, https:\/\/aaquarks.com\/blog\/wp-content\/uploads\/2016\/06\/IMG_0916-1024x569-300x167.jpg 300w, https:\/\/aaquarks.com\/blog\/wp-content\/uploads\/2016\/06\/IMG_0916-1024x569-768x427.jpg 768w\" sizes=\"auto, (max-width: 1024px) 100vw, 1024px\" \/><\/a><\/h3>\n<p class=\"paragraph_style_1\" style=\"text-align: justify;\">Bajo el t\u00edtulo \u00abVerano de estrellas\u00bb proponemos acercarnos a las noches estrelladas del verano con un programa amplio y adaptado a todos los p\u00fablicos, siendo una actividad ideal para realizar en familia. Podremos disfrutar estos d\u00edas desde las famosas lluvias de estrellas a la observaci\u00f3n de cielo profundo con el instrumental m\u00e1s avanzado.<\/p>\n<p class=\"paragraph_style_1\"><strong>LLuvia de estrellas: Viernes 12 de Agosto.<\/strong><\/p>\n<ul>\n<li style=\"text-align: justify;\">Visita guiada al centro<\/li>\n<li style=\"text-align: justify;\">Sesi\u00f3n de Planetario Natural<\/li>\n<li style=\"text-align: justify;\">Observaci\u00f3n dirigida con instrumental avanzado<\/li>\n<\/ul>\n<p class=\"paragraph_style_1\" style=\"text-align: justify;\"><span class=\"style_2\">La actividad pretende presentar este centro a los visitantes que en estas fechas estivales se acercan a nuestro Parque Natural a disfrutar sus vacaciones. Al mismo tiempo, queremos ofertar una alternativa cultural y de ocio a los habitantes del entorno.<br \/>\n<\/span><\/p>\n<p class=\"paragraph_style_1\" style=\"text-align: justify;\">Cabe destacar la calidad del cielo del paraje en el que se encuentra ubicado el centro, lo que nos permite incidir de forma expresa y como objetivo central de esta actividad, en la necesidad de mantener nuestros cielos libres de contaminaci\u00f3n lum\u00ednica.<\/p>\n<p class=\"paragraph_style_1\" style=\"text-align: justify;\"><span class=\"style_2\">Este propuesta se enmarca en la programaci\u00f3n anual 2016 del Planetario de \u00dabeda, Museo de ciencia de \u00dabeda y del Centro de Divulgaci\u00f3n Astron\u00f3mico de La Fresnedilla, consolidada en los \u00faltimos a\u00f1os con una amplia variedad de propuestas, ya que en su conjunto recoge m\u00e1s de cincuenta actividades repartidas a lo largo del a\u00f1o y dirigidas a diversos p\u00fablicos: escolares, docentes, universitarios, familiar, tur\u00edstico, asociaciones\u2026<\/span><\/p>\n<p class=\"paragraph_style_1\" style=\"text-align: justify;\"><strong>Nota:<\/strong>\u00a0Adem\u00e1s de las actividades cerradas, puden solicitarse visitas concertadas para grupos. Todas las actividades requieren reserva previa. Pueden solicitarse actividades a la carta a trav\u00e9s del sistema de reservas en <a href=\"mailto:aaquarks@aaquarks.com\" target=\"_blank\">aaquarks@aaquarks.com<\/a>. Donativo 10 \u20ac<\/p>\n<p class=\"paragraph_style_1\" style=\"text-align: justify;\">\n<h3 class=\"paragraph_style_1\" style=\"text-align: justify;\"><strong>Visitas guiadas al cielo de Sabiote desde el Castillo<\/strong><\/h3>\n<p class=\"paragraph_style_1\" style=\"text-align: justify;\"><a href=\"http:\/\/aaquarks.com\/blog\/wp-content\/uploads\/2016\/06\/CARTEL-estrellas-SABIOTE-OPT.jpg\"><img loading=\"lazy\" decoding=\"async\" class=\"wp-image-340 aligncenter\" src=\"http:\/\/aaquarks.com\/blog\/wp-content\/uploads\/2016\/06\/CARTEL-estrellas-SABIOTE-OPT.jpg\" alt=\"CARTEL estrellas SABIOTE OPT\" width=\"591\" height=\"833\" srcset=\"https:\/\/aaquarks.com\/blog\/wp-content\/uploads\/2016\/06\/CARTEL-estrellas-SABIOTE-OPT.jpg 881w, https:\/\/aaquarks.com\/blog\/wp-content\/uploads\/2016\/06\/CARTEL-estrellas-SABIOTE-OPT-213x300.jpg 213w, https:\/\/aaquarks.com\/blog\/wp-content\/uploads\/2016\/06\/CARTEL-estrellas-SABIOTE-OPT-768x1083.jpg 768w, https:\/\/aaquarks.com\/blog\/wp-content\/uploads\/2016\/06\/CARTEL-estrellas-SABIOTE-OPT-726x1024.jpg 726w\" sizes=\"auto, (max-width: 591px) 100vw, 591px\" \/><\/a><\/p>\n<p style=\"text-align: justify;\">Con esta nueva iniciativa, Sabiote ofrece al visitante la posibilidad de abrir una ventana para observar el Universo. El entorno monumental del Castillo completa su oferta tur\u00edstica a\u00f1adiendo a su patrimonio renacentista el patrimonio natural de su cielo y las maravillas que encierra: nebulosas, c\u00famulos, galaxias\u2026y por supuesto Saturno y la Luna. Un viaje en el tiempo y una experiencia \u00fanica.<\/p>\n<p style=\"text-align: justify;\">Fechas: 10 y 26 de Agosto<\/p>\n<p style=\"text-align: justify;\">Reservas: info@bonoturistico.com o 953 10 83 10 (Art\u00edficis y P\u00f3pulo)<\/p>\n<p style=\"text-align: justify;\">\n<h3 style=\"text-align: justify;\">Lluvia de estrellas en Torreperogil. Programa \u00abApaga tu pueblo\u00bb<\/h3>\n<p style=\"text-align: justify;\">Fiel a su cita anual, asistiremos al espect\u00e1culo que nos ofrecen Perseidas o L\u00e1grimas de San Lorenzo, un cl\u00e1sico ya de las noches veraniegas. Para ello, el entorno del auditorio Torres oscuras ofrece la posibilidad de realizar una observaci\u00f3n astron\u00f3mica relajada y de disfrute del entrono monumental y natural en la que aprender a reconocer el cielo a simple vista, observar a trav\u00e9s de telescopios objetos como Saturno con su sistema de anillos y lunas, y, aprovechando la luna en fase de cuarto creciente hablaremos largo y tendido sobre ella. Tambi\u00e9n observaremos cuerpos de cielo profundo (galaxias, nebulosas, c\u00famulos de estrellas,\u2026) que por su brillo sean posible de contemplar a pesar del brillo de la Luna. Todo estar\u00e1 aderezado por las trazas de las estrellas fugaces.<\/p>\n<p>Fecha: 11 de Agosto<\/p>\n<p>Lugar: Torres oscuras<\/p>\n<p>Hora: 22.00-24.00<\/p>\n","protected":false},"excerpt":{"rendered":"<p>Fiestas del Renacimiento de \u00dabeda En julio se celebran las Fiestas del Renacimiento, fiestas que conmemoran la declaraci\u00f3n de \u00dabeda y Baeza como Ciudades Patrimonio de la Humanidad el 3 de julio de 2003,&#46;&#46;&#46;<\/p>\n","protected":false},"author":2,"featured_media":331,"comment_status":"closed","ping_status":"closed","sticky":false,"template":"","format":"standard","meta":{"footnotes":""},"categories":[41],"tags":[],"class_list":["post-329","post","type-post","status-publish","format-standard","has-post-thumbnail","hentry","category-actividades"],"_links":{"self":[{"href":"https:\/\/aaquarks.com\/blog\/index.php?rest_route=\/wp\/v2\/posts\/329","targetHints":{"allow":["GET"]}}],"collection":[{"href":"https:\/\/aaquarks.com\/blog\/index.php?rest_route=\/wp\/v2\/posts"}],"about":[{"href":"https:\/\/aaquarks.com\/blog\/index.php?rest_route=\/wp\/v2\/types\/post"}],"author":[{"embeddable":true,"href":"https:\/\/aaquarks.com\/blog\/index.php?rest_route=\/wp\/v2\/users\/2"}],"replies":[{"embeddable":true,"href":"https:\/\/aaquarks.com\/blog\/index.php?rest_route=%2Fwp%2Fv2%2Fcomments&post=329"}],"version-history":[{"count":6,"href":"https:\/\/aaquarks.com\/blog\/index.php?rest_route=\/wp\/v2\/posts\/329\/revisions"}],"predecessor-version":[{"id":341,"href":"https:\/\/aaquarks.com\/blog\/index.php?rest_route=\/wp\/v2\/posts\/329\/revisions\/341"}],"wp:featuredmedia":[{"embeddable":true,"href":"https:\/\/aaquarks.com\/blog\/index.php?rest_route=\/wp\/v2\/media\/331"}],"wp:attachment":[{"href":"https:\/\/aaquarks.com\/blog\/index.php?rest_route=%2Fwp%2Fv2%2Fmedia&parent=329"}],"wp:term":[{"taxonomy":"category","embeddable":true,"href":"https:\/\/aaquarks.com\/blog\/index.php?rest_route=%2Fwp%2Fv2%2Fcategories&post=329"},{"taxonomy":"post_tag","embeddable":true,"href":"https:\/\/aaquarks.com\/blog\/index.php?rest_route=%2Fwp%2Fv2%2Ftags&post=329"}],"curies":[{"name":"wp","href":"https:\/\/api.w.org\/{rel}","templated":true}]}}