{"id":3227,"date":"2018-03-14T17:34:05","date_gmt":"2018-03-14T16:34:05","guid":{"rendered":"http:\/\/aaquarks.com\/blog\/?p=3227"},"modified":"2020-02-08T21:21:42","modified_gmt":"2020-02-08T20:21:42","slug":"presentacion-ix-jornadas-de-ciencias-para-tods-2017-16-marzo","status":"publish","type":"post","link":"https:\/\/aaquarks.com\/blog\/?p=3227","title":{"rendered":"Presentaci\u00f3n IX Jornadas de ciencias para tod@s 2017, 16 Marzo."},"content":{"rendered":"\n<div class=\"wp-block-image\"><figure class=\"aligncenter size-large\"><img loading=\"lazy\" decoding=\"async\" width=\"1024\" height=\"515\" src=\"http:\/\/aaquarks.com\/blog\/wp-content\/uploads\/2017\/12\/Destacado-IX-Jornadas-reducido-1024x515.jpg\" alt=\"\" class=\"wp-image-3361\" srcset=\"https:\/\/aaquarks.com\/blog\/wp-content\/uploads\/2017\/12\/Destacado-IX-Jornadas-reducido-1024x515.jpg 1024w, https:\/\/aaquarks.com\/blog\/wp-content\/uploads\/2017\/12\/Destacado-IX-Jornadas-reducido-300x151.jpg 300w, https:\/\/aaquarks.com\/blog\/wp-content\/uploads\/2017\/12\/Destacado-IX-Jornadas-reducido-768x386.jpg 768w, https:\/\/aaquarks.com\/blog\/wp-content\/uploads\/2017\/12\/Destacado-IX-Jornadas-reducido-1536x772.jpg 1536w, https:\/\/aaquarks.com\/blog\/wp-content\/uploads\/2017\/12\/Destacado-IX-Jornadas-reducido.jpg 1641w\" sizes=\"auto, (max-width: 1024px) 100vw, 1024px\" \/><\/figure><\/div>\n\n\n\n<div class=\"wp-block-image\"><figure class=\"aligncenter size-large\"><img loading=\"lazy\" decoding=\"async\" width=\"1024\" height=\"207\" src=\"http:\/\/aaquarks.com\/blog\/wp-content\/uploads\/2020\/02\/ministerio-fecyt-con-banderas-01_JPG-2-1024x207.jpg\" alt=\"\" class=\"wp-image-3368\" srcset=\"https:\/\/aaquarks.com\/blog\/wp-content\/uploads\/2020\/02\/ministerio-fecyt-con-banderas-01_JPG-2-1024x207.jpg 1024w, https:\/\/aaquarks.com\/blog\/wp-content\/uploads\/2020\/02\/ministerio-fecyt-con-banderas-01_JPG-2-300x61.jpg 300w, https:\/\/aaquarks.com\/blog\/wp-content\/uploads\/2020\/02\/ministerio-fecyt-con-banderas-01_JPG-2-768x155.jpg 768w, https:\/\/aaquarks.com\/blog\/wp-content\/uploads\/2020\/02\/ministerio-fecyt-con-banderas-01_JPG-2.jpg 1100w\" sizes=\"auto, (max-width: 1024px) 100vw, 1024px\" \/><\/figure><\/div>\n\n\n\n<div class=\"wp-block-image\"><figure class=\"aligncenter size-large is-resized\"><img loading=\"lazy\" decoding=\"async\" src=\"http:\/\/aaquarks.com\/blog\/wp-content\/uploads\/2020\/02\/Red-Ferias-Marca-1-3.jpg\" alt=\"\" class=\"wp-image-3369\" width=\"385\" height=\"218\" srcset=\"https:\/\/aaquarks.com\/blog\/wp-content\/uploads\/2020\/02\/Red-Ferias-Marca-1-3.jpg 510w, https:\/\/aaquarks.com\/blog\/wp-content\/uploads\/2020\/02\/Red-Ferias-Marca-1-3-300x170.jpg 300w\" sizes=\"auto, (max-width: 385px) 100vw, 385px\" \/><\/figure><\/div>\n\n\n<h2><a href=\"http:\/\/aaquarks.com\/blog\/wp-content\/uploads\/2020\/02\/Marca-DescubreB-HTML-540x355-3-e1581191005499.png\"><img loading=\"lazy\" decoding=\"async\" class=\" wp-image-3397 alignleft\" src=\"http:\/\/aaquarks.com\/blog\/wp-content\/uploads\/2020\/02\/Marca-DescubreB-HTML-540x355-3-e1581191005499-300x78.png\" alt=\"\" width=\"246\" height=\"64\" srcset=\"https:\/\/aaquarks.com\/blog\/wp-content\/uploads\/2020\/02\/Marca-DescubreB-HTML-540x355-3-e1581191005499-300x78.png 300w, https:\/\/aaquarks.com\/blog\/wp-content\/uploads\/2020\/02\/Marca-DescubreB-HTML-540x355-3-e1581191005499.png 507w\" sizes=\"auto, (max-width: 246px) 100vw, 246px\" \/><\/a><a href=\"http:\/\/aaquarks.com\/blog\/wp-content\/uploads\/2017\/01\/Marca-Descubre-CMYK-recor.jpg\"><img loading=\"lazy\" decoding=\"async\" class=\"wp-image-3092 alignright\" src=\"http:\/\/aaquarks.com\/blog\/wp-content\/uploads\/2017\/01\/Marca-Descubre-CMYK-recor.jpg\" alt=\"\" width=\"169\" height=\"40\" srcset=\"https:\/\/aaquarks.com\/blog\/wp-content\/uploads\/2017\/01\/Marca-Descubre-CMYK-recor.jpg 805w, https:\/\/aaquarks.com\/blog\/wp-content\/uploads\/2017\/01\/Marca-Descubre-CMYK-recor-300x71.jpg 300w, https:\/\/aaquarks.com\/blog\/wp-content\/uploads\/2017\/01\/Marca-Descubre-CMYK-recor-768x182.jpg 768w\" sizes=\"auto, (max-width: 169px) 100vw, 169px\" \/><\/a><\/h2>\n<p><img loading=\"lazy\" decoding=\"async\" class=\"aligncenter\" src=\"https:\/\/lh4.googleusercontent.com\/7d0uBSHrySFq4d7dRCud6QIQdyLcY2LnRN-B1RH8gjfdtLFaltuZI9KAaEfaTalQtnriuUGmEg=w1705\" width=\"866\" height=\"252\" \/><\/p>\n<p><br \/><a href=\"http:\/\/aaquarks.com\/blog\/wp-content\/uploads\/2017\/01\/Red-Ferias-Marca.jpg\"><img loading=\"lazy\" decoding=\"async\" class=\"wp-image-3093 aligncenter\" src=\"http:\/\/aaquarks.com\/blog\/wp-content\/uploads\/2017\/01\/Red-Ferias-Marca.jpg\" alt=\"\" width=\"589\" height=\"334\" srcset=\"https:\/\/aaquarks.com\/blog\/wp-content\/uploads\/2017\/01\/Red-Ferias-Marca.jpg 510w, https:\/\/aaquarks.com\/blog\/wp-content\/uploads\/2017\/01\/Red-Ferias-Marca-300x170.jpg 300w\" sizes=\"auto, (max-width: 589px) 100vw, 589px\" \/><\/a><a href=\"http:\/\/aaquarks.com\/blog\/wp-content\/uploads\/2017\/01\/fecyt.jpg\"><img loading=\"lazy\" decoding=\"async\" class=\"wp-image-3089 aligncenter\" src=\"http:\/\/aaquarks.com\/blog\/wp-content\/uploads\/2017\/01\/fecyt.jpg\" alt=\"\" width=\"857\" height=\"109\" srcset=\"https:\/\/aaquarks.com\/blog\/wp-content\/uploads\/2017\/01\/fecyt.jpg 2163w, https:\/\/aaquarks.com\/blog\/wp-content\/uploads\/2017\/01\/fecyt-300x38.jpg 300w, https:\/\/aaquarks.com\/blog\/wp-content\/uploads\/2017\/01\/fecyt-768x98.jpg 768w, https:\/\/aaquarks.com\/blog\/wp-content\/uploads\/2017\/01\/fecyt-1024x130.jpg 1024w\" sizes=\"auto, (max-width: 857px) 100vw, 857px\" \/><\/a><\/p>\n<p>\u00a0<\/p>\n<p style=\"text-align: justify;\">El <strong>pr\u00f3ximo viernes 16 de marzo<\/strong>, tendr\u00e1 lugar el acto de <strong>presentaci\u00f3n de las IX Jornadas de Ciencia para tod@s<\/strong>, en el que se ofrecer\u00e1 una visita al Planetario y una actividad divulgativa en el Centro de Divulgaci\u00f3n Cient\u00edfica \u201cEspacio Ciencia\u201d en la que asistiremos a una variante del famos\u00edsimo experimento con el que Fizeau consigui\u00f3 determinar la velocidad de la luz a mediados del siglo IXX: <strong>\u201c<em>Medida la velocidad de la luz con una trompeta<\/em><\/strong>\u201d por <strong>Juan Antonio Jim\u00e9nez Salas.<\/strong><strong>\u00a0<\/strong><a href=\"http:\/\/aaquarks.com\/blog\/wp-content\/uploads\/2018\/03\/a.jpg\"><img loading=\"lazy\" decoding=\"async\" class=\"size-full wp-image-3228 aligncenter\" src=\"http:\/\/aaquarks.com\/blog\/wp-content\/uploads\/2018\/03\/a.jpg\" alt=\"\" width=\"686\" height=\"346\" srcset=\"https:\/\/aaquarks.com\/blog\/wp-content\/uploads\/2018\/03\/a.jpg 686w, https:\/\/aaquarks.com\/blog\/wp-content\/uploads\/2018\/03\/a-300x151.jpg 300w\" sizes=\"auto, (max-width: 686px) 100vw, 686px\" \/><\/a><\/p>\n<h3>Viernes, 16 de marzo. Programa<\/h3>\n<h3>Presentaci\u00f3n\u00a0IX Jornadas de ciencias para tod@s 2018<\/h3>\n<ul>\n<li>18:00 h. Atenci\u00f3n a medios de comunicaci\u00f3n.<\/li>\n<li>18:15 h. Sala Julio Corzo. Presentaci\u00f3n Jornadas de ciencia para tod@s.<\/li>\n<li>18:30 h. Demo en el Planetario de \u00dabeda y Aula de Astronom\u00eda. \u201c<strong>Actividad divulgativa: \u201c<em>Medida la velocidad de la luz con una trompeta<\/em><\/strong>\u201d a cargo\u00a0 de <strong>Juan Antonio Jim\u00e9nez Salas<\/strong>.<\/li>\n<\/ul>\n<h3>Visita guiada a Espacio Ciencia:<\/h3>\n<ul>\n<li>Sala de m\u00f3dulos \u201cLise Meitner\u201d.<\/li>\n<li>Realizaci\u00f3n de talleres. Sala de usos m\u00faltiples.<\/li>\n<\/ul>\n<h2 style=\"text-align: center;\"><strong>Asociaci\u00f3n cultural Renaciencia<\/strong><\/h2>\n<p style=\"text-align: center;\"><strong>IX Jornadas\u00a0de Ciencia para tod@s<\/strong><\/p>\n<p style=\"text-align: center;\"><strong>\u00dabeda 2018<\/strong><\/p>\n<p style=\"text-align: center;\"><strong>9 al 11 de Abril<\/strong><\/p>\n<p style=\"text-align: center;\"><strong>Centro Cultural Hospital de Santiago<\/strong><\/p>\n<p><img loading=\"lazy\" decoding=\"async\" class=\"wp-image-376 aligncenter\" src=\"http:\/\/aaquarks.com\/blog\/wp-content\/uploads\/2017\/12\/Destacado-IX-Jornadas-sin-logo.jpg\" alt=\"cabecera-web-viii-jornadas-ciencia\" width=\"720\" height=\"232\" \/><\/p>\n<p style=\"text-align: center;\"><strong><a href=\"http:\/\/www.jornadasdelaciencia.aaquarks.com\/\">http:\/\/www.jornadasdelaciencia.aaquarks.com<\/a>\u00a0 \u00a0 \u00a0 \u00a0 \u00a0 <\/strong><\/p>\n<p style=\"text-align: center;\"><a href=\"http:\/\/www.aaquarks.com\/web\/Asociacion_Astronomica_Quarks\/Actividades____Actividades_del_2011\/Paginas\/II_Jornadas_Ciencia_para_Tod%40s.html\">Acceso a la galer\u00eda de im\u00e1genes de ediciones anteriores<\/a><\/p>\n<p><strong>\u00a0 \u00a0<\/strong><strong><a href=\"mailto:jjccparatodos@gmail.com\">jjccparatodos@gmail.com<\/a>\u00a0 \u00a0 \u00a0 \u00a0 \u00a0 \u00a0 \u00a0<\/strong>\u00a0 \u00a0<a href=\"https:\/\/www.facebook.com\/RenacienciaUbeda\/?fref=ts\">FACEBOOK<\/a>\u00a0<a href=\"https:\/\/www.facebook.com\/RenacienciaUbeda\/?fref=ts\"><img loading=\"lazy\" decoding=\"async\" class=\"alignnone wp-image-3032\" src=\"http:\/\/aaquarks.com\/blog\/wp-content\/uploads\/2017\/01\/descarga.png\" alt=\"\" width=\"31\" height=\"31\" srcset=\"https:\/\/aaquarks.com\/blog\/wp-content\/uploads\/2017\/01\/descarga.png 225w, https:\/\/aaquarks.com\/blog\/wp-content\/uploads\/2017\/01\/descarga-150x150.png 150w, https:\/\/aaquarks.com\/blog\/wp-content\/uploads\/2017\/01\/descarga-160x160.png 160w, https:\/\/aaquarks.com\/blog\/wp-content\/uploads\/2017\/01\/descarga-320x320.png 320w\" sizes=\"auto, (max-width: 31px) 100vw, 31px\" \/><\/a>\u00a0 \u00a0 \u00a0 \u00a0\u00a0<a class=\"DashboardProfileCard-screennameLink u-linkComplex u-linkClean\" href=\"https:\/\/twitter.com\/jjccparatodos\" rel=\"noopener\">@<span class=\"u-linkComplex-target\">jjccparatodos<\/span><\/a>\u00a0 <a href=\"http:\/\/@jjccparatodos\"><img loading=\"lazy\" decoding=\"async\" class=\"alignnone wp-image-3043\" src=\"http:\/\/aaquarks.com\/blog\/wp-content\/uploads\/2017\/01\/descarga-1.png\" alt=\"\" width=\"33\" height=\"33\" srcset=\"https:\/\/aaquarks.com\/blog\/wp-content\/uploads\/2017\/01\/descarga-1.png 204w, https:\/\/aaquarks.com\/blog\/wp-content\/uploads\/2017\/01\/descarga-1-150x150.png 150w, https:\/\/aaquarks.com\/blog\/wp-content\/uploads\/2017\/01\/descarga-1-160x160.png 160w, https:\/\/aaquarks.com\/blog\/wp-content\/uploads\/2017\/01\/descarga-1-320x320.png 320w\" sizes=\"auto, (max-width: 33px) 100vw, 33px\" \/><\/a><\/p>\n<h3>\u00a0<\/h3>","protected":false},"excerpt":{"rendered":"<p>\u00a0 El pr\u00f3ximo viernes 16 de marzo, tendr\u00e1 lugar el acto de presentaci\u00f3n de las IX Jornadas de Ciencia para tod@s, en el que se ofrecer\u00e1 una visita al Planetario y una actividad divulgativa&#46;&#46;&#46;<\/p>\n","protected":false},"author":2,"featured_media":3360,"comment_status":"closed","ping_status":"closed","sticky":false,"template":"","format":"standard","meta":{"footnotes":""},"categories":[41],"tags":[],"class_list":["post-3227","post","type-post","status-publish","format-standard","has-post-thumbnail","hentry","category-actividades"],"_links":{"self":[{"href":"https:\/\/aaquarks.com\/blog\/index.php?rest_route=\/wp\/v2\/posts\/3227","targetHints":{"allow":["GET"]}}],"collection":[{"href":"https:\/\/aaquarks.com\/blog\/index.php?rest_route=\/wp\/v2\/posts"}],"about":[{"href":"https:\/\/aaquarks.com\/blog\/index.php?rest_route=\/wp\/v2\/types\/post"}],"author":[{"embeddable":true,"href":"https:\/\/aaquarks.com\/blog\/index.php?rest_route=\/wp\/v2\/users\/2"}],"replies":[{"embeddable":true,"href":"https:\/\/aaquarks.com\/blog\/index.php?rest_route=%2Fwp%2Fv2%2Fcomments&post=3227"}],"version-history":[{"count":7,"href":"https:\/\/aaquarks.com\/blog\/index.php?rest_route=\/wp\/v2\/posts\/3227\/revisions"}],"predecessor-version":[{"id":3418,"href":"https:\/\/aaquarks.com\/blog\/index.php?rest_route=\/wp\/v2\/posts\/3227\/revisions\/3418"}],"wp:featuredmedia":[{"embeddable":true,"href":"https:\/\/aaquarks.com\/blog\/index.php?rest_route=\/wp\/v2\/media\/3360"}],"wp:attachment":[{"href":"https:\/\/aaquarks.com\/blog\/index.php?rest_route=%2Fwp%2Fv2%2Fmedia&parent=3227"}],"wp:term":[{"taxonomy":"category","embeddable":true,"href":"https:\/\/aaquarks.com\/blog\/index.php?rest_route=%2Fwp%2Fv2%2Fcategories&post=3227"},{"taxonomy":"post_tag","embeddable":true,"href":"https:\/\/aaquarks.com\/blog\/index.php?rest_route=%2Fwp%2Fv2%2Ftags&post=3227"}],"curies":[{"name":"wp","href":"https:\/\/api.w.org\/{rel}","templated":true}]}}