{"id":3167,"date":"2017-01-06T18:20:00","date_gmt":"2017-01-06T17:20:00","guid":{"rendered":"http:\/\/aaquarks.com\/blog\/?p=3167"},"modified":"2020-02-08T21:15:36","modified_gmt":"2020-02-08T20:15:36","slug":"viii-jornadas-de-la-ciencia-para-tods-3-al-5-de-abril-ubeda","status":"publish","type":"post","link":"https:\/\/aaquarks.com\/blog\/?p=3167","title":{"rendered":"VIII Jornadas de la ciencia para tod@s. 3 al 5 de Abril, \u00dabeda."},"content":{"rendered":"\n<figure class=\"wp-block-image size-large\"><img loading=\"lazy\" decoding=\"async\" width=\"1024\" height=\"330\" src=\"http:\/\/aaquarks.com\/blog\/wp-content\/uploads\/2020\/02\/cabecera-web-VIII-Jornadas-Ciencia-1024x330.jpg\" alt=\"\" class=\"wp-image-3411\" srcset=\"https:\/\/aaquarks.com\/blog\/wp-content\/uploads\/2020\/02\/cabecera-web-VIII-Jornadas-Ciencia-1024x330.jpg 1024w, https:\/\/aaquarks.com\/blog\/wp-content\/uploads\/2020\/02\/cabecera-web-VIII-Jornadas-Ciencia-300x97.jpg 300w, https:\/\/aaquarks.com\/blog\/wp-content\/uploads\/2020\/02\/cabecera-web-VIII-Jornadas-Ciencia-768x247.jpg 768w, https:\/\/aaquarks.com\/blog\/wp-content\/uploads\/2020\/02\/cabecera-web-VIII-Jornadas-Ciencia-1536x495.jpg 1536w, https:\/\/aaquarks.com\/blog\/wp-content\/uploads\/2020\/02\/cabecera-web-VIII-Jornadas-Ciencia.jpg 1590w\" sizes=\"auto, (max-width: 1024px) 100vw, 1024px\" \/><\/figure>\n\n\n\n<div class=\"wp-block-image\"><figure class=\"aligncenter size-large\"><img loading=\"lazy\" decoding=\"async\" width=\"1024\" height=\"207\" src=\"http:\/\/aaquarks.com\/blog\/wp-content\/uploads\/2020\/02\/ministerio-fecyt-con-banderas-01_JPG-3-1024x207.jpg\" alt=\"\" class=\"wp-image-3415\" srcset=\"https:\/\/aaquarks.com\/blog\/wp-content\/uploads\/2020\/02\/ministerio-fecyt-con-banderas-01_JPG-3-1024x207.jpg 1024w, https:\/\/aaquarks.com\/blog\/wp-content\/uploads\/2020\/02\/ministerio-fecyt-con-banderas-01_JPG-3-300x61.jpg 300w, https:\/\/aaquarks.com\/blog\/wp-content\/uploads\/2020\/02\/ministerio-fecyt-con-banderas-01_JPG-3-768x155.jpg 768w, https:\/\/aaquarks.com\/blog\/wp-content\/uploads\/2020\/02\/ministerio-fecyt-con-banderas-01_JPG-3.jpg 1100w\" sizes=\"auto, (max-width: 1024px) 100vw, 1024px\" \/><\/figure><\/div>\n\n\n\n<figure class=\"wp-block-image size-large\"><img loading=\"lazy\" decoding=\"async\" width=\"510\" height=\"289\" src=\"http:\/\/aaquarks.com\/blog\/wp-content\/uploads\/2020\/02\/Red-Ferias-Marca-1-3.jpg\" alt=\"\" class=\"wp-image-3369\" srcset=\"https:\/\/aaquarks.com\/blog\/wp-content\/uploads\/2020\/02\/Red-Ferias-Marca-1-3.jpg 510w, https:\/\/aaquarks.com\/blog\/wp-content\/uploads\/2020\/02\/Red-Ferias-Marca-1-3-300x170.jpg 300w\" sizes=\"auto, (max-width: 510px) 100vw, 510px\" \/><\/figure>\n\n\n<p><a href=\"http:\/\/aaquarks.com\/blog\/wp-content\/uploads\/2020\/02\/Marca-DescubreB-HTML-540x355-3-e1581191005499.png\"><img loading=\"lazy\" decoding=\"async\" class=\" wp-image-3397 alignnone\" src=\"http:\/\/aaquarks.com\/blog\/wp-content\/uploads\/2020\/02\/Marca-DescubreB-HTML-540x355-3-e1581191005499-300x78.png\" alt=\"\" width=\"177\" height=\"46\" srcset=\"https:\/\/aaquarks.com\/blog\/wp-content\/uploads\/2020\/02\/Marca-DescubreB-HTML-540x355-3-e1581191005499-300x78.png 300w, https:\/\/aaquarks.com\/blog\/wp-content\/uploads\/2020\/02\/Marca-DescubreB-HTML-540x355-3-e1581191005499.png 507w\" sizes=\"auto, (max-width: 177px) 100vw, 177px\" \/><\/a><\/p>\n<p><img loading=\"lazy\" decoding=\"async\" class=\"aligncenter\" src=\"https:\/\/lh4.googleusercontent.com\/7d0uBSHrySFq4d7dRCud6QIQdyLcY2LnRN-B1RH8gjfdtLFaltuZI9KAaEfaTalQtnriuUGmEg=w1705\" width=\"866\" height=\"252\" \/><\/p>\n<p><a href=\"http:\/\/aaquarks.com\/blog\/wp-content\/uploads\/2017\/01\/Red-Ferias-Marca.jpg\"><img loading=\"lazy\" decoding=\"async\" class=\"wp-image-3093 aligncenter\" src=\"http:\/\/aaquarks.com\/blog\/wp-content\/uploads\/2017\/01\/Red-Ferias-Marca.jpg\" alt=\"\" width=\"589\" height=\"334\" srcset=\"https:\/\/aaquarks.com\/blog\/wp-content\/uploads\/2017\/01\/Red-Ferias-Marca.jpg 510w, https:\/\/aaquarks.com\/blog\/wp-content\/uploads\/2017\/01\/Red-Ferias-Marca-300x170.jpg 300w\" sizes=\"auto, (max-width: 589px) 100vw, 589px\" \/><\/a><a href=\"http:\/\/aaquarks.com\/blog\/wp-content\/uploads\/2017\/01\/fecyt.jpg\"><img loading=\"lazy\" decoding=\"async\" class=\"wp-image-3089 aligncenter\" src=\"http:\/\/aaquarks.com\/blog\/wp-content\/uploads\/2017\/01\/fecyt.jpg\" alt=\"\" width=\"857\" height=\"109\" srcset=\"https:\/\/aaquarks.com\/blog\/wp-content\/uploads\/2017\/01\/fecyt.jpg 2163w, https:\/\/aaquarks.com\/blog\/wp-content\/uploads\/2017\/01\/fecyt-300x38.jpg 300w, https:\/\/aaquarks.com\/blog\/wp-content\/uploads\/2017\/01\/fecyt-768x98.jpg 768w, https:\/\/aaquarks.com\/blog\/wp-content\/uploads\/2017\/01\/fecyt-1024x130.jpg 1024w\" sizes=\"auto, (max-width: 857px) 100vw, 857px\" \/><\/a><\/p>\n<p style=\"text-align: justify;\">Desde hace varios a\u00f1os, la asociaci\u00f3n cultural Renaciencia, integrada por docentes de varios centros de la localidad de \u00dabeda y comarca, organiza y coordina las Jornadas de Ciencia para tod@s. Este gran evento de divulgaci\u00f3n cient\u00edfica pretende ofrecer un espacio dedicado a compartir las experiencias que hemos ido desarrollando desde\u00a0nuestras aulas, expuestas por el alumnado y como consecuencia de actividades de formaci\u00f3n espec\u00edfica del profesorado implicado.<\/p>\n<p style=\"text-align: right;\">Siguenos en \u00a0 \u00a0\u00a0<a href=\"https:\/\/www.facebook.com\/RenacienciaUbeda\/?fref=ts\">FACEBOOK<\/a>\u00a0<a href=\"https:\/\/www.facebook.com\/RenacienciaUbeda\/?fref=ts\"><img loading=\"lazy\" decoding=\"async\" class=\"alignnone wp-image-3032\" src=\"http:\/\/aaquarks.com\/blog\/wp-content\/uploads\/2017\/01\/descarga.png\" alt=\"\" width=\"31\" height=\"31\" srcset=\"https:\/\/aaquarks.com\/blog\/wp-content\/uploads\/2017\/01\/descarga.png 225w, https:\/\/aaquarks.com\/blog\/wp-content\/uploads\/2017\/01\/descarga-150x150.png 150w, https:\/\/aaquarks.com\/blog\/wp-content\/uploads\/2017\/01\/descarga-160x160.png 160w, https:\/\/aaquarks.com\/blog\/wp-content\/uploads\/2017\/01\/descarga-320x320.png 320w\" sizes=\"auto, (max-width: 31px) 100vw, 31px\" \/><\/a>\u00a0 \u00a0 \u00a0 \u00a0\u00a0<a class=\"DashboardProfileCard-screennameLink u-linkComplex u-linkClean\" href=\"https:\/\/twitter.com\/jjccparatodos\">@<span class=\"u-linkComplex-target\">jjccparatodos<\/span><\/a>\u00a0\u00a0<a href=\"http:\/\/@jjccparatodos\"><img loading=\"lazy\" decoding=\"async\" class=\"alignnone wp-image-3043\" src=\"http:\/\/aaquarks.com\/blog\/wp-content\/uploads\/2017\/01\/descarga-1.png\" alt=\"\" width=\"33\" height=\"33\" srcset=\"https:\/\/aaquarks.com\/blog\/wp-content\/uploads\/2017\/01\/descarga-1.png 204w, https:\/\/aaquarks.com\/blog\/wp-content\/uploads\/2017\/01\/descarga-1-150x150.png 150w, https:\/\/aaquarks.com\/blog\/wp-content\/uploads\/2017\/01\/descarga-1-160x160.png 160w, https:\/\/aaquarks.com\/blog\/wp-content\/uploads\/2017\/01\/descarga-1-320x320.png 320w\" sizes=\"auto, (max-width: 33px) 100vw, 33px\" \/><\/a><\/p>\n<p><div class=\"video-container\"><iframe loading=\"lazy\" title=\"VIII Jornadas ciencia para tod@s 2017\" width=\"500\" height=\"375\" src=\"https:\/\/www.youtube.com\/embed\/IOSPnBZ6gkQ?feature=oembed&#038;wmode=opaque\" frameborder=\"0\" allow=\"accelerometer; autoplay; clipboard-write; encrypted-media; gyroscope; picture-in-picture; web-share\" referrerpolicy=\"strict-origin-when-cross-origin\" allowfullscreen><\/iframe><\/div><\/p>\n<h2>\u00a0<\/h2>\n<h2><strong>Red de Ferias de la Ciencia y la Innovaci\u00f3n de Andaluc\u00eda<\/strong><\/h2>\n<p style=\"text-align: justify;\">La VIII Feria Ciencia para Tod@s de \u00dabeda forma parte de la\u00a0<strong>Red de Ferias de la Ciencia y la Innovaci\u00f3n de Andaluc\u00eda,\u00a0que promueve la\u00a0<a href=\"https:\/\/fundaciondescubre.es\/\">Fundaci\u00f3n Descubre<\/a><\/strong>. Constituida en 2011 por las principales muestras cient\u00edficas de la Comunidad aut\u00f3noma bajo la iniciativa de la Fundaci\u00f3n Descubre con la esponsorizaci\u00f3n de la Consejer\u00eda de Econom\u00eda y Conocimiento, tiene como fin aunar fuerzas para despertar vocaciones cient\u00edficas, impulsar la divulgaci\u00f3n del conocimiento, fomentar la participaci\u00f3n ciudadana, potenciar la imagen de la ciencia, consolidar e impulsar las ferias, y crear un foro de encuentro entre los divulgadores de la ciencia de Andaluc\u00eda.<\/p>\n<h2><b>JUSTIFICACI\u00d3N<\/b><\/h2>\n<p style=\"text-align: justify;\"><b><img loading=\"lazy\" decoding=\"async\" class=\"alignleft\" src=\"http:\/\/www.aaquarks.com\/web\/Asociacion_Astronomica_Quarks\/Actividades____Actividades_del_2011\/Paginas\/II_Jornadas_Ciencia_para_Tod%40s_files\/Media\/IMG_0333\/IMG_0333.jpg?disposition=download\" alt=\"\" width=\"504\" height=\"336\" \/><\/b>Uno de los objetivos fundamentales e ineludibles del quehacer cient\u00edfico es su difusi\u00f3n, tanto social como profesional. Es impensable desarrollar una mejora de las pr\u00e1cticas docentes en este campo sin ofrecer a la comunidad educativa (profesorado y alumnado como m\u00ednimo) una oportunidad en este sentido.<\/p>\n<p style=\"text-align: justify;\">Por otro lado, es misi\u00f3n de los docentes intentar paliar la parad\u00f3jica separaci\u00f3n que nuestra sociedad padece respecto de los principios cient\u00edficos que sustentan su propio desarrollo tecnol\u00f3gico, as\u00ed como el antinatural distanciamiento que existe entre dicha sociedad y todo lo que tenga que ver con el mundo de la ciencia.<\/p>\n<p style=\"text-align: justify;\">Y por \u00faltimo, desde la ciencia podemos aportar a nuestro \u00e1mbito valores imprescindibles en la sociedad democr\u00e1tica en la que vivimos, inherentes al trabajo cient\u00edfico: el respeto hacia el otro y hacia lo que piensa y hace, el trabajo colaborativo, la iniciativa individual, la construcci\u00f3n del conocimiento de manera social, la discusi\u00f3n entre iguales, el debate, etc., son s\u00f3lo algunos ejemplos de lo que la metodolog\u00eda cient\u00edfica ha aportado a nuestro modelo de vida.<\/p>\n<p style=\"text-align: justify;\">Con estas Octavas Jornadas de la Ciencia para tod@s a nivel provincial, y extensible a nivel regional, queremos dar respuesta a estos tres aspectos, facilitando un foro motivador de intercambio de experiencias, divulgando la ciencia como tal, sus principios y m\u00e9todos y destacando los valores que estas disciplinas del saber humano nos est\u00e1n legando.<\/p>\n<h2>\u00a0<\/h2>\n<h2><b>METODOLOG\u00cdA<\/b><\/h2>\n<p style=\"text-align: justify;\"><img loading=\"lazy\" decoding=\"async\" class=\"alignright\" src=\"http:\/\/www.aaquarks.com\/web\/Asociacion_Astronomica_Quarks\/Actividades____Actividades_del_2011\/Paginas\/II_Jornadas_Ciencia_para_Tod%40s_files\/Media\/IMG_0406\/IMG_0406.jpg?disposition=download\" alt=\"\" width=\"316\" height=\"474\" \/><\/p>\n<p style=\"text-align: justify;\">\u00a0La organizaci\u00f3n corre a cargo de la\u00a0<i>Asociaci\u00f3n Cultural RenaCiencia<\/i>. La idea principal es crear experiencias que puedan llevar a cabo nuestros alumnos, acordes con su nivel educativo, de forma que ellos las dise\u00f1en, las trabajen, las estudien y, por \u00faltimo, las trasladen a las Jornadas haciendo de monitores y explic\u00e1ndolas al resto de participantes y visitantes.<\/p>\n<p style=\"text-align: justify;\">Para ello la motivaci\u00f3n y la gu\u00eda de los maestros y profesores resulta fundamental y es ah\u00ed donde han reca\u00eddo los mayores esfuerzos por parte de este equipo. Ese esfuerzo es recompensado por el hecho de verlos tan ilusionados con los proyectos y perfectamente preparados y en condiciones de afrontar este reto. Nuestros alumnos est\u00e1n disfrutando mucho con estas actividades: ellas han permitido que lean, investiguen, dialoguen y experimenten acerca del desarrollo de la ciencia.<\/p>\n<p style=\"text-align: justify;\">La filosof\u00eda seguida ha sido acercar la ciencia a todos los niveles educativos y de ah\u00ed que los cursos implicados abarquen todos los niveles educativos (infantil, primaria, secundaria, bachillerato, ciclos formativos y universidad).<\/p>\n<h2>\u00a0<\/h2>\n<h2><b>CONTENIDOS<\/b><\/h2>\n<ul>\n<li>Adquisici\u00f3n de Competencias B\u00e1sicas.<\/li>\n<li>Comunicaci\u00f3n Social de la ciencia y convivencia entre centros y niveles.<\/li>\n<li>Did\u00e1ctica del Conocimiento del Medio Natural y Social.<\/li>\n<li>Did\u00e1ctica de las Ciencias, Matem\u00e1ticas, Educaci\u00f3n F\u00edsica y M\u00fasica.<\/li>\n<li>Metodolog\u00eda Cient\u00edfica (puesta en pr\u00e1ctica del M\u00e9todo Cient\u00edfico).<\/li>\n<\/ul>\n<p style=\"text-align: justify;\">Disponemos de muchas \u00e1reas dedicadas a Experimentaci\u00f3n Cient\u00edfica. Sus principios b\u00e1sicos ser\u00e1n explicados y se propondr\u00e1n bater\u00edas de preguntas clave de comprensi\u00f3n de los fen\u00f3menos. De igual manera (a posteriori y seg\u00fan gu\u00edas did\u00e1cticas correspondientes a cada itinerario) se profundizar\u00e1, una vez en el aula y con el profesor, sobre los fen\u00f3menos observados.<\/p>\n<p style=\"text-align: justify;\">Otros espacios estar\u00e1n dedicados a la manipulaci\u00f3n de sistemas, desarrollo de juegos con contenido cient\u00edfico y v\u00eddeos con contenido cient\u00edfico.<\/p>\n<h2><b>PROGRAMA<\/b><\/h2>\n<ul>\n<li style=\"text-align: justify;\"><b><img loading=\"lazy\" decoding=\"async\" class=\"alignright\" src=\"http:\/\/www.aaquarks.com\/web\/Asociacion_Astronomica_Quarks\/Actividades____Actividades_del_2011\/Paginas\/II_Jornadas_Ciencia_para_Tod%40s_files\/Media\/IMG_0376\/IMG_0376.jpg?disposition=download\" alt=\"\" width=\"538\" height=\"359\" \/><\/b><strong>Presentaci\u00f3n de las VIII Jornadas de ciencia para tod@s. Museo Espacio Ciencia de \u00dabeda.<\/strong>\u00a0Visita guiada a las instalaciones. \u00a04 de Marzo. 11.45 horas. Sala Julio Corzo. \u00abCuentos conCiencia\u00bb a cargo de Nono Granero. Reserva previa invitaci\u00f3n. Aforo limitado.<\/li>\n<li style=\"text-align: justify;\"><strong>Acto de inauguraci\u00f3n oficial:<\/strong><b>\u00a0<\/b>lunes 3 de abril, 18:00 h, visita guiada a\u00a0<strong>\u00abEspacio Ciencia\u00bb<\/strong>. 19:00 h en el auditorio del Hospital de Santiago. A cargo de\u00a0<strong>D. Sebasti\u00e1n Cardenete Garc\u00eda, Centro Principia de M\u00e1laga.<\/strong><\/li>\n<li style=\"text-align: justify;\">Acto de presentaci\u00f3n de las Jornadas a los monitores: martes 4 de abril, 10:00h en el auditorio del Hospital de Santiago.\u00a0A cargo de\u00a0<strong>D. Sebasti\u00e1n Cardenete Garc\u00eda, Centro Principia de M\u00e1laga.<\/strong><\/li>\n<li style=\"text-align: justify;\">El acceso a las experiencias se realizar\u00e1 por orden establecido seg\u00fan grupos e itinerarios asignados tras la inscripci\u00f3n en estas Jornadas.<\/li>\n<li style=\"text-align: justify;\"><strong>Martes 4 de Abril, 12:00 &#8211; 14:00<\/strong>: recorrido de los itinerarios por parte de los grupos integrantes del\u00a0<strong>turno 1<\/strong><b>.<\/b><\/li>\n<li style=\"text-align: justify;\"><strong>Martes 4 de Abril, 17:30 &#8211; 19:30: horario abierto al p\u00fablico.<\/strong><\/li>\n<li style=\"text-align: justify;\"><strong>Mi\u00e9rcoles 5 de Abril, 09:00 &#8211; 10:30 y 10:45- 12.15 y 12:30 \u2013 14:00:<\/strong>\u00a0recorrido de itinerarios\u00a0por parte de los grupos integrantes del\u00a0<strong>turno 2, 3 y 4.<\/strong><\/li>\n<\/ul>\n<h2>INSCRIPCIONES<\/h2>\n<ul>\n<li style=\"text-align: justify;\"><strong><a href=\"http:\/\/aaquarks.com\/blog\/wp-content\/uploads\/2016\/02\/IMG_0436.jpg\" rel=\"attachment wp-att-266\"><img loading=\"lazy\" decoding=\"async\" class=\" wp-image-266 alignleft\" src=\"http:\/\/aaquarks.com\/blog\/wp-content\/uploads\/2016\/02\/IMG_0436.jpg\" alt=\"IMG_0436\" width=\"536\" height=\"358\" srcset=\"https:\/\/aaquarks.com\/blog\/wp-content\/uploads\/2016\/02\/IMG_0436.jpg 800w, https:\/\/aaquarks.com\/blog\/wp-content\/uploads\/2016\/02\/IMG_0436-300x200.jpg 300w, https:\/\/aaquarks.com\/blog\/wp-content\/uploads\/2016\/02\/IMG_0436-768x513.jpg 768w\" sizes=\"auto, (max-width: 536px) 100vw, 536px\" \/><\/a>Del 15 de Enero al 3 de Febrero: Inscripci\u00f3n de grupos de monitores.\u00a0<\/strong>Necesitamos conocer que grupos y profesorado est\u00e1 interesado en colaborar como\u00a0<strong>participante<\/strong>, exponiendo alguno de los proyectos que han realizado a lo largo del curso. Os pedimos, por tanto, que nos hag\u00e1is llegar esta informaci\u00f3n (nombre de la experiencia, nivel al que se expone\u2026)\u00a0<a href=\"https:\/\/goo.gl\/forms\/AkAWHAQvUieCaYcu2\">cumplimentando el\u00a0<strong>formulario<\/strong><\/a>\u00a0correspondiente (disponible desde el 15 de Enero al 3 de Febrero). Cada stand solicitado requiere una inscripci\u00f3n independiente. En el mismo podr\u00e1 desarrollarse una \u00fanica experiencia o un conjunto de ellas agrupadas en un Taller (indicar en el formulario de inscripci\u00f3n). Esta inscripci\u00f3n es formal y dada la limitaci\u00f3n de espacios, sugerimos que se lleve a cabo lo antes posible. La organizaci\u00f3n confirmar\u00e1 las solicitudes cursadas una vez terminado el periodo de inscripci\u00f3n.<\/li>\n<\/ul>\n<h2 style=\"text-align: center;\"><a href=\"https:\/\/goo.gl\/forms\/G5PtdKixIRayBNib2\">Acceso al\u00a0Formulario Inscripci\u00f3n de experiencias VIII Jornadas de ciencia para tod@s. \u00dabeda, 2017<\/a>.\u00a0<span style=\"color: #ff0000;\">Proceso cerrado<\/span><\/h2>\n<ul>\n<li style=\"text-align: justify;\"><strong>Desde el 4 de Febrero al 5 de Marzo: Inscripci\u00f3n de grupos visitantes<\/strong>. De igual forma, la solicitud de visita se realizar\u00e1 a trav\u00e9s de\u00a0<strong>formulario<\/strong>\u00a0(<span style=\"color: #ff0000;\">disponible desde el 4 de Febrero<\/span>). Una vez terminado el periodo de inscripci\u00f3n, la organizaci\u00f3n le confirmar\u00e1 el turno de visita de su grupo.<\/li>\n<\/ul>\n<h2 style=\"text-align: center;\"><a href=\"https:\/\/goo.gl\/forms\/tc2p9JCQM9cuykEb2\">Acceso al\u00a0Formulario Inscripci\u00f3n de grupos visitantes VIII Jornadas de ciencia para tod@s. \u00dabeda, 2017<\/a>.\u00a0<span style=\"color: #ff0000;\">Proceso cerrado<\/span><\/h2>\n<p><strong>Nota:<\/strong>\u00a0Deber\u00e1 realizar una inscripci\u00f3n por cada curso y nivel acad\u00e9mico, indicando en el formulario el n\u00famero de grupos de 15 alumnos inscritos. Por ejemplo: para inscribir 45 alumnos de 3\u00ba de EP y 60 alumnos de 4\u00ba de EP, necesitar\u00e1 cumplimentar dos formularios independientes. En el primer caso, para 3 grupos de 15 alumnos y en el segundo caso para 4\u00a0grupos de 15 alumnos.<\/p>\n<h2><b>PLAZOS DE SOLICITUD<\/b><\/h2>\n<ul>\n<li style=\"text-align: justify;\"><strong>Centros con aporte de experiencias:<\/strong>\u00a0antes del\u00a0<strong>3\u00a0de Febrero<\/strong>\u00a0(inclusive).\u00a0<a href=\"https:\/\/goo.gl\/forms\/AkAWHAQvUieCaYcu2\">Acceso al\u00a0<strong>formulario<\/strong><\/a>\u00a0<strong>(disponible desde el 15 de Enero al 3 de Febrero)<\/strong>.<a href=\"http:\/\/aaquarks.com\/blog\/wp-content\/uploads\/2016\/02\/IMG_0506.jpg\" rel=\"attachment wp-att-274\"><img loading=\"lazy\" decoding=\"async\" class=\" wp-image-274 alignright\" src=\"http:\/\/aaquarks.com\/blog\/wp-content\/uploads\/2016\/02\/IMG_0506.jpg\" alt=\"IMG_0506\" width=\"517\" height=\"345\" srcset=\"https:\/\/aaquarks.com\/blog\/wp-content\/uploads\/2016\/02\/IMG_0506.jpg 800w, https:\/\/aaquarks.com\/blog\/wp-content\/uploads\/2016\/02\/IMG_0506-300x200.jpg 300w, https:\/\/aaquarks.com\/blog\/wp-content\/uploads\/2016\/02\/IMG_0506-768x513.jpg 768w\" sizes=\"auto, (max-width: 517px) 100vw, 517px\" \/><\/a><\/li>\n<li style=\"text-align: justify;\"><strong>Centros visitantes:<\/strong>\u00a0hasta el\u00a0<strong>5\u00a0de Marzo<\/strong>\u00a0(inclusive).\u00a0<a href=\"https:\/\/goo.gl\/forms\/tc2p9JCQM9cuykEb2\">Acceso al\u00a0<strong>formulario<\/strong><\/a>\u00a0<span style=\"color: #ff0000;\">(disponible desde el 4 de Febrero)<\/span>.<\/li>\n<li style=\"text-align: justify;\">Deber\u00e1n especificarse niveles (edades) de los alumnos que desean participar.<\/li>\n<li style=\"text-align: justify;\">Para cada uno de los itinerarios de visita se formar\u00e1n grupos de 15 alumnos\/as, los cuales deber\u00e1n venir acompa\u00f1ados y guiados, cada uno de ellos, por un profesor.<\/li>\n<\/ul>\n<h2>DESCARGAS<\/h2>\n<h3>Difusi\u00f3n<\/h3>\n<ul>\n<li><a href=\"http:\/\/aaquarks.com\/blog\/wp-content\/uploads\/2017\/01\/D\u00edptico-Jornadas-Apaisado-3.pdf\">D\u00edptico\u00a0Informativo<\/a><\/li>\n<li><a href=\"http:\/\/aaquarks.com\/blog\/wp-content\/uploads\/2017\/01\/CARTEL-VIII-Jornadas-Ciencia-Definitivo.jpg\" target=\"_blank\" rel=\"noopener noreferrer\">Cartel VIII edici\u00f3n<\/a><\/li>\n<\/ul>\n<h3>Informaci\u00f3n dirigida a los monitores<\/h3>\n<ul>\n<li><a href=\"http:\/\/aaquarks.com\/blog\/wp-content\/uploads\/2017\/01\/Listado-Expereriencias-y-Talleres-VIIIJJC.pdf\">Listado Expereriencias y Talleres VIIIJJC<\/a><\/li>\n<li><a href=\"http:\/\/aaquarks.com\/blog\/wp-content\/uploads\/2017\/01\/planos-2017.pdf\">planos 2017<\/a><\/li>\n<\/ul>\n<h3>Informaci\u00f3n dirigida a los grupos visitantes<\/h3>\n<ul>\n<li><strong>Turnos de visita y accesos.<\/strong>\u00a0Comprueba el horario y turno de visita asignado, as\u00ed como el acceso que tendr\u00e1s que utilizar al Hospital de Santiago:\n<ul>\n<li><a href=\"http:\/\/aaquarks.com\/blog\/wp-content\/uploads\/2017\/01\/DISTRIBUCI\u00d3N-DE-VISITAS-Y-ACCESOS-VIII-JJC-2017-Turno-1-Martes-4-Abril.pdf\">DISTRIBUCI\u00d3N DE VISITAS Y ACCESOS VIII JJC 2017 Turno 1 Martes 4 Abril<\/a><\/li>\n<li><a href=\"http:\/\/aaquarks.com\/blog\/wp-content\/uploads\/2017\/01\/DISTRIBUCI\u00d3N-DE-VISITAS-Y-ACCESOS-VIII-JJC-2017-Turno-3-Mi\u00e9rcoles-5-Abril.pdf\">DISTRIBUCI\u00d3N DE VISITAS Y ACCESOS VIII JJC 2017 Turno 3 Mi\u00e9rcoles 5 Abril<\/a><\/li>\n<li><a href=\"http:\/\/aaquarks.com\/blog\/wp-content\/uploads\/2017\/01\/DISTRIBUCI\u00d3N-DE-VISITAS-Y-ACCESOS-VIII-JJC-2017-Turno-4-Mi\u00e9rcoles-5-Abril.pdf\">DISTRIBUCI\u00d3N DE VISITAS Y ACCESOS VIII JJC 2017 Turno 4 Mi\u00e9rcoles 5 Abril<\/a><\/li>\n<li><a href=\"http:\/\/aaquarks.com\/blog\/wp-content\/uploads\/2017\/01\/DISTRIBUCI\u00d3N-DE-VISITAS-Y-ACCESOS-VIII-JJC-2017-Turno-5-Mi\u00e9rcoles-5-Abril.pdf\">DISTRIBUCI\u00d3N DE VISITAS Y ACCESOS VIII JJC 2017 Turno 5 Mi\u00e9rcoles 5 Abril<\/a><\/li>\n<\/ul>\n<\/li>\n<li><strong>Visitas complementarias al Planetario, Museo \u00abEspacio Ciencia\u00bb<\/strong>\u00a0(Sala de m\u00f3dulos o sala de talleres):\n<ul>\n<li><a href=\"http:\/\/aaquarks.com\/blog\/wp-content\/uploads\/2017\/01\/Turnos-Planetario.pdf\">Turnos Planetario<\/a><\/li>\n<li><a href=\"http:\/\/aaquarks.com\/blog\/wp-content\/uploads\/2017\/01\/Turnos-Museo-sala-modulos.pdf\">Turnos Museo sala modulos<\/a><\/li>\n<li><a href=\"http:\/\/aaquarks.com\/blog\/wp-content\/uploads\/2017\/01\/Turnos-Museo-sala-talleres.pdf\">Turnos Museo sala talleres<\/a><\/li>\n<\/ul>\n<\/li>\n<li><strong>Cuestionarios.<\/strong>\u00a0Esta herramienta did\u00e1ctica tiene como objetivo provocar en los participantes una visi\u00f3n reflexiva de las experiencias, por lo que recomendamos su utilizaci\u00f3n:\n<ul>\n<li>Seleccionando las cuestiones de las experiencias que se van a visitar.<\/li>\n<li>Proporcionando una copia a cada alumno\/a para que sirva de memoria de la jornada , o bien llevando una copia para todo el grupo y contestando en com\u00fan despu\u00e9s de cada experiencia.<\/li>\n<li>Disponibles los dos itinerarios:\n<ul>\n<li><a href=\"http:\/\/aaquarks.com\/blog\/wp-content\/uploads\/2017\/01\/CUESTIONARIO-VIIIJJC-para-INFANTIL-y-PRIMARIA.pdf\">CUESTIONARIO VIIIJJC para INFANTIL y PRIMARIA<\/a><\/li>\n<li><a href=\"http:\/\/aaquarks.com\/blog\/wp-content\/uploads\/2017\/01\/CUESTIONARIO-VIIIJJC-para-ESO-y-Bto.pdf\">CUESTIONARIO VIIIJJC para ESO y Bto<\/a><\/li>\n<\/ul>\n<\/li>\n<\/ul>\n<\/li>\n<\/ul>\n<p><a href=\"http:\/\/aaquarks.com\/blog\/wp-content\/uploads\/2017\/01\/CARTEL-VIII-Jornadas-Ciencia-Definitivo.jpg\"><img loading=\"lazy\" decoding=\"async\" class=\"size-full wp-image-3106 aligncenter\" src=\"http:\/\/aaquarks.com\/blog\/wp-content\/uploads\/2017\/01\/CARTEL-VIII-Jornadas-Ciencia-Definitivo.jpg\" alt=\"\" width=\"2339\" height=\"3307\" srcset=\"https:\/\/aaquarks.com\/blog\/wp-content\/uploads\/2017\/01\/CARTEL-VIII-Jornadas-Ciencia-Definitivo.jpg 2339w, https:\/\/aaquarks.com\/blog\/wp-content\/uploads\/2017\/01\/CARTEL-VIII-Jornadas-Ciencia-Definitivo-212x300.jpg 212w, https:\/\/aaquarks.com\/blog\/wp-content\/uploads\/2017\/01\/CARTEL-VIII-Jornadas-Ciencia-Definitivo-768x1086.jpg 768w, https:\/\/aaquarks.com\/blog\/wp-content\/uploads\/2017\/01\/CARTEL-VIII-Jornadas-Ciencia-Definitivo-724x1024.jpg 724w\" sizes=\"auto, (max-width: 2339px) 100vw, 2339px\" \/><\/a><\/p>\n<h2 style=\"text-align: center;\"><b>\u00a0ORGANIZA<\/b><\/h2>\n<p style=\"text-align: center;\">\u00a0La Asociaci\u00f3n Cultural\u00a0<strong><i>RenaCiencia,\u00a0<\/i><\/strong><\/p>\n<p style=\"text-align: center;\">integrada en la\u00a0<b>Red de Ferias de la ciencia y la innovaci\u00f3n de Andaluc\u00eda<\/b>,<\/p>\n<p style=\"text-align: center;\">dependiente de la\u00a0<b>Fundaci\u00f3n Descubre<\/b><\/p>\n<p style=\"text-align: center;\">por profesorado de los Centros:<\/p>\n<p style=\"text-align: center;\">IES\u00a0<i>Andr\u00e9s de Vandelvira\u00a0<\/i>(Baeza),<\/p>\n<p style=\"text-align: center;\">Colegio\u00a0<i>Santo Domingo Savio\u00a0<\/i>(\u00dabeda), IES\u00a0<i>Los Cerros\u00a0<\/i>(\u00dabeda),<\/p>\n<p style=\"text-align: center;\">IES\u00a0<i>Francisco de los Cobos\u00a0<\/i>(\u00dabeda), IES\u00a0<i>San Juan de la Cruz\u00a0<\/i>(\u00dabeda),<\/p>\n<p style=\"text-align: center;\">Colegio\u00a0<i>La Milagrosa\u00a0<\/i>(\u00dabeda),\u00a0 IES\u00a0<i>Iulia Salaria\u00a0<\/i>(Sabiote),<\/p>\n<p style=\"text-align: center;\">Escuelas Profesionales\u00a0<i>SAFA\u00a0<\/i>(\u00dabeda),<\/p>\n<p style=\"text-align: center;\">Centro Universitario\u00a0<i>Sagrada Familia\u00a0<\/i>de \u00dabeda (adscrito a la Universidad de Ja\u00e9n)<\/p>\n<p><b>\u00a0<\/b><\/p>\n<h2 style=\"text-align: center;\"><b>COLABORAN<\/b><\/h2>\n<p style=\"text-align: center;\">Red de Ferias de la ciencia y la innovaci\u00f3n de Andaluc\u00eda,<\/p>\n<p style=\"text-align: center;\">Fundaci\u00f3n Descubre,<\/p>\n<p style=\"text-align: center;\">Fundaci\u00f3n Espa\u00f1ola para la Ciencia y la Tecnolog\u00eda, FECYT,<\/p>\n<p style=\"text-align: center;\">Excmo. Ayuntamiento de \u00dabeda,<\/p>\n<p style=\"text-align: center;\">Consejer\u00eda de Educaci\u00f3n y\u00a0Consejer\u00eda de Econom\u00eda y Conocimiento<\/p>\n<p style=\"text-align: center;\">Centro de Divulgaci\u00f3n cient\u00edfica \u00abEspacio Ciencia\u00bb de \u00dabeda<\/p>\n<p style=\"text-align: center;\">Obra social La Caixa,<\/p>\n<p style=\"text-align: center;\">Fundaci\u00f3n Caja Rural de Ja\u00e9n, Unidad de Cultura Cient\u00edfica de la UJA,<\/p>\n<p style=\"text-align: center;\">Proyecto Ciudad Ciencia, CSIC, Universidad de Ja\u00e9n,<\/p>\n<p style=\"text-align: center;\">Parque de las Ciencias de Granada, Centro Principia de M\u00e1laga,<\/p>\n<p style=\"text-align: center;\">Proyecto Mascil, CEP de \u00dabeda,<\/p>\n<p style=\"text-align: center;\">Planetario de \u00dabeda,\u00a0Averroes Formaci\u00f3n Grupo Forma, Liderfil,<\/p>\n<p style=\"text-align: center;\">Carlin, Catering Delicias, Cl\u00ednicas Ruiz y Cobo,<\/p>\n<p style=\"text-align: center;\">M. Martos, Asociaci\u00f3n Astron\u00f3mica Quarks, Alfarer\u00eda Tito,\u00a0Imprenta Davinchi,<\/p>\n<p style=\"text-align: center;\">\u00a0Asador de Santiago, Hotel \u00c1lvar F\u00e1\u00f1ez, Asador Al Andalus, Eco callejero, Siempre a mano,<\/p>\n<p style=\"text-align: center;\">Escuelas Prof. SAFA: Centro Universitario\u00a0<i>Sagrada Familia,<\/i><\/p>\n<p style=\"text-align: center;\">Ciclo de Grado Superior de \u201cGu\u00eda, Informaci\u00f3n y Asistencias Tur\u00edsticas\u201d y<\/p>\n<p style=\"text-align: center;\">Ciclo de Grado Medio de \u201cServicios en Restauraci\u00f3n\u201d<\/p>\n\n\n<p><\/p>\n","protected":false},"excerpt":{"rendered":"<p>Desde hace varios a\u00f1os, la asociaci\u00f3n cultural Renaciencia, integrada por docentes de varios centros de la localidad de \u00dabeda y comarca, organiza y coordina las Jornadas de Ciencia para tod@s. Este gran evento de&#46;&#46;&#46;<\/p>\n","protected":false},"author":2,"featured_media":3409,"comment_status":"closed","ping_status":"closed","sticky":false,"template":"","format":"standard","meta":{"footnotes":""},"categories":[41],"tags":[],"class_list":["post-3167","post","type-post","status-publish","format-standard","has-post-thumbnail","hentry","category-actividades"],"_links":{"self":[{"href":"https:\/\/aaquarks.com\/blog\/index.php?rest_route=\/wp\/v2\/posts\/3167","targetHints":{"allow":["GET"]}}],"collection":[{"href":"https:\/\/aaquarks.com\/blog\/index.php?rest_route=\/wp\/v2\/posts"}],"about":[{"href":"https:\/\/aaquarks.com\/blog\/index.php?rest_route=\/wp\/v2\/types\/post"}],"author":[{"embeddable":true,"href":"https:\/\/aaquarks.com\/blog\/index.php?rest_route=\/wp\/v2\/users\/2"}],"replies":[{"embeddable":true,"href":"https:\/\/aaquarks.com\/blog\/index.php?rest_route=%2Fwp%2Fv2%2Fcomments&post=3167"}],"version-history":[{"count":4,"href":"https:\/\/aaquarks.com\/blog\/index.php?rest_route=\/wp\/v2\/posts\/3167\/revisions"}],"predecessor-version":[{"id":3736,"href":"https:\/\/aaquarks.com\/blog\/index.php?rest_route=\/wp\/v2\/posts\/3167\/revisions\/3736"}],"wp:featuredmedia":[{"embeddable":true,"href":"https:\/\/aaquarks.com\/blog\/index.php?rest_route=\/wp\/v2\/media\/3409"}],"wp:attachment":[{"href":"https:\/\/aaquarks.com\/blog\/index.php?rest_route=%2Fwp%2Fv2%2Fmedia&parent=3167"}],"wp:term":[{"taxonomy":"category","embeddable":true,"href":"https:\/\/aaquarks.com\/blog\/index.php?rest_route=%2Fwp%2Fv2%2Fcategories&post=3167"},{"taxonomy":"post_tag","embeddable":true,"href":"https:\/\/aaquarks.com\/blog\/index.php?rest_route=%2Fwp%2Fv2%2Ftags&post=3167"}],"curies":[{"name":"wp","href":"https:\/\/api.w.org\/{rel}","templated":true}]}}