{"id":3135,"date":"2017-04-18T17:20:32","date_gmt":"2017-04-18T15:20:32","guid":{"rendered":"http:\/\/aaquarks.com\/blog\/?p=3135"},"modified":"2020-02-08T21:05:36","modified_gmt":"2020-02-08T20:05:36","slug":"talleres-espacio-ciencia-uja-abril-junio","status":"publish","type":"post","link":"https:\/\/aaquarks.com\/blog\/?p=3135","title":{"rendered":"Talleres Espacio Ciencia, UJA. Abril-Junio"},"content":{"rendered":"<p><img loading=\"lazy\" decoding=\"async\" class=\"wp-image-3136 aligncenter\" src=\"http:\/\/aaquarks.com\/blog\/wp-content\/uploads\/2017\/04\/02-Talleres-Espacio-Ciencia-Abril.jpg\" alt=\"\" width=\"636\" height=\"900\"><\/p>\n<p>Desde el pasado mes de Marzo, la Universidad de Ja\u00e9n, a trav\u00e9s de su Unidad de Cultura Cient\u00edfica, desarrolla un nuevo proyecto de divulgaci\u00f3n en nuestra provincia, en este caso, en el Centro de Divulgaci\u00f3n Cient\u00edfica \u00abEspacio&nbsp; Ciencia\u00bb. Cada mes, investigadores de la UJA llevar\u00e1n a cabo un taller experimental dirigido a escolares y tratando&nbsp;tem\u00e1ticas variadas.<\/p>\n<p>Juan Ram\u00f3n Lanzas, Vicerrector de Relaciones con la Sociedad, present\u00f3 hace unas semanas&nbsp;este innovador proyecto de comunicaci\u00f3n, incidiendo en la importancia que estas iniciativas suponen para la investigaci\u00f3n y la propia Universidad, ya que permiten acercar los trabajos que desarrollan los equipos de investigadores a los escolares y el p\u00fablico general.<\/p>\n<p>Esta iniciativa est\u00e1 apoyada por la Fundaci\u00f3n Espa\u00f1ola para la Ciencia y la Tecnolog\u00eda, FECYT, dependiente del Ministerio de Econom\u00eda, Industria y Competitividad, en su convocatoria de ayudas al Fomento de la Cultura Cient\u00edfica.<\/p>\n<p>&nbsp;<\/p>\n<h2><strong>24 de Abril<\/strong><\/h2>\n<p><strong><b><br \/>\nTaller:<\/b>&nbsp;Microbiolog\u00eda para ni\u00f1os<br \/>\n<\/strong><\/p>\n<p><strong>Ponentes: Nabil Benomar el Bakali e Hikmate Abriouel Hayani. Investigadores del Departamento de Ciencias de la Salud de la Universidad de Ja\u00e9n<\/strong><\/p>\n<p>&nbsp;<\/p>\n<p><a href=\"http:\/\/aaquarks.com\/blog\/wp-content\/uploads\/2017\/04\/02-Talleres-Espacio-Ciencia-Abril-e1492528657301.jpg\"><img loading=\"lazy\" decoding=\"async\" class=\"alignnone size-full wp-image-3136\" src=\"http:\/\/aaquarks.com\/blog\/wp-content\/uploads\/2017\/04\/02-Talleres-Espacio-Ciencia-Abril-e1492528657301.jpg\" alt=\"\" width=\"3373\" height=\"1327\" srcset=\"https:\/\/aaquarks.com\/blog\/wp-content\/uploads\/2017\/04\/02-Talleres-Espacio-Ciencia-Abril-e1492528657301.jpg 3373w, https:\/\/aaquarks.com\/blog\/wp-content\/uploads\/2017\/04\/02-Talleres-Espacio-Ciencia-Abril-e1492528657301-300x118.jpg 300w, https:\/\/aaquarks.com\/blog\/wp-content\/uploads\/2017\/04\/02-Talleres-Espacio-Ciencia-Abril-e1492528657301-768x302.jpg 768w, https:\/\/aaquarks.com\/blog\/wp-content\/uploads\/2017\/04\/02-Talleres-Espacio-Ciencia-Abril-e1492528657301-1024x403.jpg 1024w\" sizes=\"auto, (max-width: 3373px) 100vw, 3373px\" \/><\/a><\/p>\n<p>Sesiones: 10:00, 11:30 y 12:30.<\/p>\n<p>Nota: <strong>pueden realizarse reservas <\/strong>en el correo&nbsp;<a href=\"mailto:espaciocienciaubeda@gmail.com\">espaciocienciaubeda@gmail.com<\/a><\/p>\n<p>La actividad se completar\u00e1 con una visita al Centro \u00abEspacio Ciencia\u00bb (sala Lise Maitner &nbsp;y al Planetario de \u00dabeda)<\/p>\n<p><a href=\"http:\/\/aaquarks.com\/blog\/wp-content\/uploads\/2017\/04\/IMG_0611.jpg\"><img loading=\"lazy\" decoding=\"async\" class=\"wp-image-3142  aligncenter\" src=\"http:\/\/aaquarks.com\/blog\/wp-content\/uploads\/2017\/04\/IMG_0611-e1492530543992.jpg\" alt=\"\" width=\"577\" height=\"340\" srcset=\"https:\/\/aaquarks.com\/blog\/wp-content\/uploads\/2017\/04\/IMG_0611-e1492530543992.jpg 3097w, https:\/\/aaquarks.com\/blog\/wp-content\/uploads\/2017\/04\/IMG_0611-e1492530543992-300x177.jpg 300w, https:\/\/aaquarks.com\/blog\/wp-content\/uploads\/2017\/04\/IMG_0611-e1492530543992-768x453.jpg 768w, https:\/\/aaquarks.com\/blog\/wp-content\/uploads\/2017\/04\/IMG_0611-e1492530543992-1024x604.jpg 1024w\" sizes=\"auto, (max-width: 577px) 100vw, 577px\" \/><\/a><\/p>\n<h3><a href=\"http:\/\/aaquarks.com\/blog\/wp-content\/uploads\/2017\/04\/IMG_0615.jpg\"><img loading=\"lazy\" decoding=\"async\" class=\"wp-image-3143  aligncenter\" src=\"http:\/\/aaquarks.com\/blog\/wp-content\/uploads\/2017\/04\/IMG_0615-e1492530765340.jpg\" alt=\"\" width=\"577\" height=\"777\" srcset=\"https:\/\/aaquarks.com\/blog\/wp-content\/uploads\/2017\/04\/IMG_0615-e1492530765340.jpg 2093w, https:\/\/aaquarks.com\/blog\/wp-content\/uploads\/2017\/04\/IMG_0615-e1492530765340-223x300.jpg 223w, https:\/\/aaquarks.com\/blog\/wp-content\/uploads\/2017\/04\/IMG_0615-e1492530765340-768x1034.jpg 768w, https:\/\/aaquarks.com\/blog\/wp-content\/uploads\/2017\/04\/IMG_0615-e1492530765340-760x1024.jpg 760w\" sizes=\"auto, (max-width: 577px) 100vw, 577px\" \/><\/a><\/h3>\n<h3><\/h3>\n<h3><strong>Pr\u00f3ximos talleres:<\/strong><\/h3>\n<p><strong>8 de mayo:<\/strong> La Ingenier\u00eda es divertida: Taller de construcci\u00f3n de un veh\u00edculo educativo aut\u00f3nomo (un solo grupo de 30 estudiantes de bachillerato de 10 a 14 h). <span style=\"color: #ff0000;\">Plazas agotadas<\/span><\/p>\n<p><a href=\"http:\/\/aaquarks.com\/blog\/wp-content\/uploads\/2017\/04\/03-Talleres-Espacio-Ciencia-Mayo.jpg\"><img loading=\"lazy\" decoding=\"async\" class=\"alignnone wp-image-3137 size-full\" src=\"http:\/\/aaquarks.com\/blog\/wp-content\/uploads\/2017\/04\/03-Talleres-Espacio-Ciencia-Mayo-e1492528445166.jpg\" alt=\"\" width=\"3423\" height=\"1327\" srcset=\"https:\/\/aaquarks.com\/blog\/wp-content\/uploads\/2017\/04\/03-Talleres-Espacio-Ciencia-Mayo-e1492528445166.jpg 3423w, https:\/\/aaquarks.com\/blog\/wp-content\/uploads\/2017\/04\/03-Talleres-Espacio-Ciencia-Mayo-e1492528445166-300x116.jpg 300w, https:\/\/aaquarks.com\/blog\/wp-content\/uploads\/2017\/04\/03-Talleres-Espacio-Ciencia-Mayo-e1492528445166-768x298.jpg 768w, https:\/\/aaquarks.com\/blog\/wp-content\/uploads\/2017\/04\/03-Talleres-Espacio-Ciencia-Mayo-e1492528445166-1024x397.jpg 1024w\" sizes=\"auto, (max-width: 3423px) 100vw, 3423px\" \/><\/a><\/p>\n<p>&nbsp;<\/p>\n<p><strong>5 de junio:<\/strong> Parece magia, pero es \u2026 qu\u00edmica!. Dirigido a estudiantes de 5 a 10 a\u00f1os.<\/p>\n<p><a href=\"http:\/\/aaquarks.com\/blog\/wp-content\/uploads\/2017\/04\/04-Talleres-Espacio-Ciencia-Junio.jpg\"><img loading=\"lazy\" decoding=\"async\" class=\"alignnone wp-image-3138 size-full\" src=\"http:\/\/aaquarks.com\/blog\/wp-content\/uploads\/2017\/04\/04-Talleres-Espacio-Ciencia-Junio-e1492528539895.jpg\" alt=\"\" width=\"3373\" height=\"1376\" srcset=\"https:\/\/aaquarks.com\/blog\/wp-content\/uploads\/2017\/04\/04-Talleres-Espacio-Ciencia-Junio-e1492528539895.jpg 3373w, https:\/\/aaquarks.com\/blog\/wp-content\/uploads\/2017\/04\/04-Talleres-Espacio-Ciencia-Junio-e1492528539895-300x122.jpg 300w, https:\/\/aaquarks.com\/blog\/wp-content\/uploads\/2017\/04\/04-Talleres-Espacio-Ciencia-Junio-e1492528539895-768x313.jpg 768w, https:\/\/aaquarks.com\/blog\/wp-content\/uploads\/2017\/04\/04-Talleres-Espacio-Ciencia-Junio-e1492528539895-1024x418.jpg 1024w\" sizes=\"auto, (max-width: 3373px) 100vw, 3373px\" \/><\/a><\/p>\n","protected":false},"excerpt":{"rendered":"<p>Desde el pasado mes de Marzo, la Universidad de Ja\u00e9n, a trav\u00e9s de su Unidad de Cultura Cient\u00edfica, desarrolla un nuevo proyecto de divulgaci\u00f3n en nuestra provincia, en este caso, en el Centro de&#46;&#46;&#46;<\/p>\n","protected":false},"author":2,"featured_media":3406,"comment_status":"closed","ping_status":"closed","sticky":false,"template":"","format":"standard","meta":{"footnotes":""},"categories":[41],"tags":[],"class_list":["post-3135","post","type-post","status-publish","format-standard","has-post-thumbnail","hentry","category-actividades"],"_links":{"self":[{"href":"https:\/\/aaquarks.com\/blog\/index.php?rest_route=\/wp\/v2\/posts\/3135","targetHints":{"allow":["GET"]}}],"collection":[{"href":"https:\/\/aaquarks.com\/blog\/index.php?rest_route=\/wp\/v2\/posts"}],"about":[{"href":"https:\/\/aaquarks.com\/blog\/index.php?rest_route=\/wp\/v2\/types\/post"}],"author":[{"embeddable":true,"href":"https:\/\/aaquarks.com\/blog\/index.php?rest_route=\/wp\/v2\/users\/2"}],"replies":[{"embeddable":true,"href":"https:\/\/aaquarks.com\/blog\/index.php?rest_route=%2Fwp%2Fv2%2Fcomments&post=3135"}],"version-history":[{"count":4,"href":"https:\/\/aaquarks.com\/blog\/index.php?rest_route=\/wp\/v2\/posts\/3135\/revisions"}],"predecessor-version":[{"id":3407,"href":"https:\/\/aaquarks.com\/blog\/index.php?rest_route=\/wp\/v2\/posts\/3135\/revisions\/3407"}],"wp:featuredmedia":[{"embeddable":true,"href":"https:\/\/aaquarks.com\/blog\/index.php?rest_route=\/wp\/v2\/media\/3406"}],"wp:attachment":[{"href":"https:\/\/aaquarks.com\/blog\/index.php?rest_route=%2Fwp%2Fv2%2Fmedia&parent=3135"}],"wp:term":[{"taxonomy":"category","embeddable":true,"href":"https:\/\/aaquarks.com\/blog\/index.php?rest_route=%2Fwp%2Fv2%2Fcategories&post=3135"},{"taxonomy":"post_tag","embeddable":true,"href":"https:\/\/aaquarks.com\/blog\/index.php?rest_route=%2Fwp%2Fv2%2Ftags&post=3135"}],"curies":[{"name":"wp","href":"https:\/\/api.w.org\/{rel}","templated":true}]}}