{"id":3046,"date":"2017-02-18T22:00:16","date_gmt":"2017-02-18T21:00:16","guid":{"rendered":"http:\/\/aaquarks.com\/blog\/?p=3046"},"modified":"2020-02-08T21:17:27","modified_gmt":"2020-02-08T20:17:27","slug":"presentacion-viii-jornadas-de-ciencias-para-tods-2017","status":"publish","type":"post","link":"https:\/\/aaquarks.com\/blog\/?p=3046","title":{"rendered":"Presentaci\u00f3n VIII Jornadas de ciencias para tod@s 2017, 4 Marzo."},"content":{"rendered":"\n<figure class=\"wp-block-image size-large\"><img loading=\"lazy\" decoding=\"async\" width=\"1024\" height=\"207\" src=\"http:\/\/aaquarks.com\/blog\/wp-content\/uploads\/2020\/02\/ministerio-fecyt-con-banderas-01_JPG-2-1024x207.jpg\" alt=\"\" class=\"wp-image-3368\" srcset=\"https:\/\/aaquarks.com\/blog\/wp-content\/uploads\/2020\/02\/ministerio-fecyt-con-banderas-01_JPG-2-1024x207.jpg 1024w, https:\/\/aaquarks.com\/blog\/wp-content\/uploads\/2020\/02\/ministerio-fecyt-con-banderas-01_JPG-2-300x61.jpg 300w, https:\/\/aaquarks.com\/blog\/wp-content\/uploads\/2020\/02\/ministerio-fecyt-con-banderas-01_JPG-2-768x155.jpg 768w, https:\/\/aaquarks.com\/blog\/wp-content\/uploads\/2020\/02\/ministerio-fecyt-con-banderas-01_JPG-2.jpg 1100w\" sizes=\"auto, (max-width: 1024px) 100vw, 1024px\" \/><\/figure>\n\n\n\n<figure class=\"wp-block-image size-large\"><img loading=\"lazy\" decoding=\"async\" width=\"510\" height=\"289\" src=\"http:\/\/aaquarks.com\/blog\/wp-content\/uploads\/2020\/02\/Red-Ferias-Marca-1-3.jpg\" alt=\"\" class=\"wp-image-3369\" srcset=\"https:\/\/aaquarks.com\/blog\/wp-content\/uploads\/2020\/02\/Red-Ferias-Marca-1-3.jpg 510w, https:\/\/aaquarks.com\/blog\/wp-content\/uploads\/2020\/02\/Red-Ferias-Marca-1-3-300x170.jpg 300w\" sizes=\"auto, (max-width: 510px) 100vw, 510px\" \/><\/figure>\n\n\n<h2 style=\"text-align: center;\"><a href=\"http:\/\/aaquarks.com\/blog\/wp-content\/uploads\/2017\/01\/Marca-Descubre-CMYK-recor.jpg\"><img loading=\"lazy\" decoding=\"async\" class=\"wp-image-3092 alignright\" src=\"http:\/\/aaquarks.com\/blog\/wp-content\/uploads\/2017\/01\/Marca-Descubre-CMYK-recor.jpg\" alt=\"\" width=\"169\" height=\"40\" srcset=\"https:\/\/aaquarks.com\/blog\/wp-content\/uploads\/2017\/01\/Marca-Descubre-CMYK-recor.jpg 805w, https:\/\/aaquarks.com\/blog\/wp-content\/uploads\/2017\/01\/Marca-Descubre-CMYK-recor-300x71.jpg 300w, https:\/\/aaquarks.com\/blog\/wp-content\/uploads\/2017\/01\/Marca-Descubre-CMYK-recor-768x182.jpg 768w\" sizes=\"auto, (max-width: 169px) 100vw, 169px\" \/><\/a><\/h2>\n<h2><a href=\"http:\/\/aaquarks.com\/blog\/wp-content\/uploads\/2020\/02\/Marca-DescubreB-HTML-540x355-3-e1581191005499.png\"><img loading=\"lazy\" decoding=\"async\" class=\" wp-image-3397 alignleft\" src=\"http:\/\/aaquarks.com\/blog\/wp-content\/uploads\/2020\/02\/Marca-DescubreB-HTML-540x355-3-e1581191005499-300x78.png\" alt=\"\" width=\"200\" height=\"52\" srcset=\"https:\/\/aaquarks.com\/blog\/wp-content\/uploads\/2020\/02\/Marca-DescubreB-HTML-540x355-3-e1581191005499-300x78.png 300w, https:\/\/aaquarks.com\/blog\/wp-content\/uploads\/2020\/02\/Marca-DescubreB-HTML-540x355-3-e1581191005499.png 507w\" sizes=\"auto, (max-width: 200px) 100vw, 200px\" \/><\/a><\/h2>\n<h2 style=\"text-align: center;\"><img decoding=\"async\" src=\"https:\/\/lh4.googleusercontent.com\/7d0uBSHrySFq4d7dRCud6QIQdyLcY2LnRN-B1RH8gjfdtLFaltuZI9KAaEfaTalQtnriuUGmEg=w1705\" \/><\/h2>\n<h3>\u00a0<a href=\"http:\/\/aaquarks.com\/blog\/wp-content\/uploads\/2016\/02\/cabecera-web-VIII-Jornadas-Ciencia.jpg\"><img loading=\"lazy\" decoding=\"async\" class=\"alignnone size-full wp-image-376\" src=\"http:\/\/aaquarks.com\/blog\/wp-content\/uploads\/2016\/02\/cabecera-web-VIII-Jornadas-Ciencia.jpg\" alt=\"\" width=\"1590\" height=\"512\" srcset=\"https:\/\/aaquarks.com\/blog\/wp-content\/uploads\/2016\/02\/cabecera-web-VIII-Jornadas-Ciencia.jpg 1590w, https:\/\/aaquarks.com\/blog\/wp-content\/uploads\/2016\/02\/cabecera-web-VIII-Jornadas-Ciencia-300x97.jpg 300w, https:\/\/aaquarks.com\/blog\/wp-content\/uploads\/2016\/02\/cabecera-web-VIII-Jornadas-Ciencia-768x247.jpg 768w, https:\/\/aaquarks.com\/blog\/wp-content\/uploads\/2016\/02\/cabecera-web-VIII-Jornadas-Ciencia-1024x330.jpg 1024w\" sizes=\"auto, (max-width: 1590px) 100vw, 1590px\" \/><\/a><a href=\"http:\/\/aaquarks.com\/blog\/wp-content\/uploads\/2017\/01\/Red-Ferias-Marca.jpg\"><img loading=\"lazy\" decoding=\"async\" class=\"size-full wp-image-3093 aligncenter\" src=\"http:\/\/aaquarks.com\/blog\/wp-content\/uploads\/2017\/01\/Red-Ferias-Marca.jpg\" alt=\"\" width=\"510\" height=\"289\" srcset=\"https:\/\/aaquarks.com\/blog\/wp-content\/uploads\/2017\/01\/Red-Ferias-Marca.jpg 510w, https:\/\/aaquarks.com\/blog\/wp-content\/uploads\/2017\/01\/Red-Ferias-Marca-300x170.jpg 300w\" sizes=\"auto, (max-width: 510px) 100vw, 510px\" \/><\/a><a href=\"http:\/\/aaquarks.com\/blog\/wp-content\/uploads\/2017\/01\/fecyt.jpg\"><img loading=\"lazy\" decoding=\"async\" class=\"alignnone size-full wp-image-3089\" src=\"http:\/\/aaquarks.com\/blog\/wp-content\/uploads\/2017\/01\/fecyt.jpg\" alt=\"\" width=\"2163\" height=\"275\" srcset=\"https:\/\/aaquarks.com\/blog\/wp-content\/uploads\/2017\/01\/fecyt.jpg 2163w, https:\/\/aaquarks.com\/blog\/wp-content\/uploads\/2017\/01\/fecyt-300x38.jpg 300w, https:\/\/aaquarks.com\/blog\/wp-content\/uploads\/2017\/01\/fecyt-768x98.jpg 768w, https:\/\/aaquarks.com\/blog\/wp-content\/uploads\/2017\/01\/fecyt-1024x130.jpg 1024w\" sizes=\"auto, (max-width: 2163px) 100vw, 2163px\" \/><\/a><\/h3>\n<h3>S\u00e1bado, 4 de Marzo<\/h3>\n<h3>Presentaci\u00f3n\u00a0VIII Jornadas de ciencias para tod@s 2017<\/h3>\n<ul>\n<li>11:45h. Atenci\u00f3n a medios de comunicaci\u00f3n.<\/li>\n<li>12:00h. Sala Julio Corzo. Presentaci\u00f3n Jornadas de ciencia para tod@s.<\/li>\n<li>12:30 h. Planetario de \u00dabeda y centro \u00abEspacio Ciencia\u00bb. \u00ab<strong>Cuentos conCiencia<\/strong>\u00bb a cargo de <strong>Nono Granero<\/strong>.<\/li>\n<\/ul>\n<h3>Visita guiada a Espacio Ciencia:<\/h3>\n<ul>\n<li>Sala de m\u00f3dulos.<\/li>\n<li>Realizaci\u00f3n de talleres. Sala de usos m\u00faltiples.<\/li>\n<\/ul>\n<p>Imprescindible invitaci\u00f3n:\u00a0<a href=\"mailto:espaciocienciaubeda@gmail.com\">espaciocienciaubeda@gmail.com<\/a><\/p>\n<p><strong>Organizan:<\/strong> Asociaci\u00f3n Renaciencia<\/p>\n<p><strong>Colabora:<\/strong> Excmo. Ayuntamiento de \u00dabeda<\/p>\n<h2 style=\"text-align: center;\">\u00a0<\/h2>\n<h2 style=\"text-align: center;\"><strong>Asociaci\u00f3n cultural Renaciencia<\/strong><\/h2>\n<p style=\"text-align: center;\"><strong>VIII\u00a0Jornadas\u00a0de Ciencia para tod@s<\/strong><\/p>\n<p style=\"text-align: center;\"><strong>\u00dabeda 2017<\/strong><\/p>\n<p style=\"text-align: center;\"><strong>3 al 5 de Abril<\/strong><\/p>\n<p style=\"text-align: center;\"><strong>Centro Cultural Hospital de Santiago<\/strong><\/p>\n<p style=\"text-align: center;\"><a href=\"http:\/\/aaquarks.com\/blog\/wp-content\/uploads\/2016\/02\/CARTEL-VIII-Jornadas-Ciencia-destacado.jpg\"><img loading=\"lazy\" decoding=\"async\" class=\"alignnone  wp-image-380\" src=\"http:\/\/aaquarks.com\/blog\/wp-content\/uploads\/2016\/02\/CARTEL-VIII-Jornadas-Ciencia-destacado.jpg\" alt=\"\" width=\"509\" height=\"450\" srcset=\"https:\/\/aaquarks.com\/blog\/wp-content\/uploads\/2016\/02\/CARTEL-VIII-Jornadas-Ciencia-destacado.jpg 1606w, https:\/\/aaquarks.com\/blog\/wp-content\/uploads\/2016\/02\/CARTEL-VIII-Jornadas-Ciencia-destacado-300x265.jpg 300w, https:\/\/aaquarks.com\/blog\/wp-content\/uploads\/2016\/02\/CARTEL-VIII-Jornadas-Ciencia-destacado-768x679.jpg 768w, https:\/\/aaquarks.com\/blog\/wp-content\/uploads\/2016\/02\/CARTEL-VIII-Jornadas-Ciencia-destacado-1024x905.jpg 1024w\" sizes=\"auto, (max-width: 509px) 100vw, 509px\" \/><\/a><\/p>\n<p style=\"text-align: center;\">\u00a0<\/p>\n<p><strong><a href=\"http:\/\/www.jornadasdelaciencia.aaquarks.com\/\">http:\/\/www.jornadasdelaciencia.aaquarks.com<\/a>\u00a0 \u00a0 \u00a0 \u00a0 \u00a0 \u00a0 \u00a0 \u00a0 \u00a0 \u00a0 \u00a0 \u00a0 \u00a0 \u00a0 \u00a0 \u00a0 \u00a0 \u00a0 \u00a0 \u00a0 \u00a0 \u00a0 \u00a0 <\/strong><\/p>\n<p><strong>\u00a0<\/strong><strong><a href=\"mailto:jjccparatodos@gmail.com\">jjccparatodos@gmail.com<\/a>\u00a0 \u00a0 \u00a0 \u00a0 \u00a0 \u00a0 \u00a0<\/strong>\u00a0 \u00a0<a href=\"https:\/\/www.facebook.com\/RenacienciaUbeda\/?fref=ts\">FACEBOOK<\/a>\u00a0<a href=\"https:\/\/www.facebook.com\/RenacienciaUbeda\/?fref=ts\"><img loading=\"lazy\" decoding=\"async\" class=\"alignnone wp-image-3032\" src=\"http:\/\/aaquarks.com\/blog\/wp-content\/uploads\/2017\/01\/descarga.png\" alt=\"\" width=\"31\" height=\"31\" srcset=\"https:\/\/aaquarks.com\/blog\/wp-content\/uploads\/2017\/01\/descarga.png 225w, https:\/\/aaquarks.com\/blog\/wp-content\/uploads\/2017\/01\/descarga-150x150.png 150w, https:\/\/aaquarks.com\/blog\/wp-content\/uploads\/2017\/01\/descarga-160x160.png 160w, https:\/\/aaquarks.com\/blog\/wp-content\/uploads\/2017\/01\/descarga-320x320.png 320w\" sizes=\"auto, (max-width: 31px) 100vw, 31px\" \/><\/a>\u00a0 \u00a0 \u00a0 \u00a0\u00a0<a class=\"DashboardProfileCard-screennameLink u-linkComplex u-linkClean\" href=\"https:\/\/twitter.com\/jjccparatodos\" rel=\"noopener\">@<span class=\"u-linkComplex-target\">jjccparatodos<\/span><\/a>\u00a0 <a href=\"http:\/\/@jjccparatodos\"><img loading=\"lazy\" decoding=\"async\" class=\"alignnone wp-image-3043\" src=\"http:\/\/aaquarks.com\/blog\/wp-content\/uploads\/2017\/01\/descarga-1.png\" alt=\"\" width=\"33\" height=\"33\" srcset=\"https:\/\/aaquarks.com\/blog\/wp-content\/uploads\/2017\/01\/descarga-1.png 204w, https:\/\/aaquarks.com\/blog\/wp-content\/uploads\/2017\/01\/descarga-1-150x150.png 150w, https:\/\/aaquarks.com\/blog\/wp-content\/uploads\/2017\/01\/descarga-1-160x160.png 160w, https:\/\/aaquarks.com\/blog\/wp-content\/uploads\/2017\/01\/descarga-1-320x320.png 320w\" sizes=\"auto, (max-width: 33px) 100vw, 33px\" \/><\/a><\/p>\n<h3>\u00a0<\/h3>\n<h3>\u00a0<\/h3>","protected":false},"excerpt":{"rendered":"<p>\u00a0 S\u00e1bado, 4 de Marzo Presentaci\u00f3n\u00a0VIII Jornadas de ciencias para tod@s 2017 11:45h. Atenci\u00f3n a medios de comunicaci\u00f3n. 12:00h. Sala Julio Corzo. Presentaci\u00f3n Jornadas de ciencia para tod@s. 12:30 h. Planetario de \u00dabeda y&#46;&#46;&#46;<\/p>\n","protected":false},"author":2,"featured_media":3414,"comment_status":"closed","ping_status":"closed","sticky":false,"template":"","format":"standard","meta":{"footnotes":""},"categories":[41],"tags":[],"class_list":["post-3046","post","type-post","status-publish","format-standard","has-post-thumbnail","hentry","category-actividades"],"_links":{"self":[{"href":"https:\/\/aaquarks.com\/blog\/index.php?rest_route=\/wp\/v2\/posts\/3046","targetHints":{"allow":["GET"]}}],"collection":[{"href":"https:\/\/aaquarks.com\/blog\/index.php?rest_route=\/wp\/v2\/posts"}],"about":[{"href":"https:\/\/aaquarks.com\/blog\/index.php?rest_route=\/wp\/v2\/types\/post"}],"author":[{"embeddable":true,"href":"https:\/\/aaquarks.com\/blog\/index.php?rest_route=\/wp\/v2\/users\/2"}],"replies":[{"embeddable":true,"href":"https:\/\/aaquarks.com\/blog\/index.php?rest_route=%2Fwp%2Fv2%2Fcomments&post=3046"}],"version-history":[{"count":10,"href":"https:\/\/aaquarks.com\/blog\/index.php?rest_route=\/wp\/v2\/posts\/3046\/revisions"}],"predecessor-version":[{"id":3417,"href":"https:\/\/aaquarks.com\/blog\/index.php?rest_route=\/wp\/v2\/posts\/3046\/revisions\/3417"}],"wp:featuredmedia":[{"embeddable":true,"href":"https:\/\/aaquarks.com\/blog\/index.php?rest_route=\/wp\/v2\/media\/3414"}],"wp:attachment":[{"href":"https:\/\/aaquarks.com\/blog\/index.php?rest_route=%2Fwp%2Fv2%2Fmedia&parent=3046"}],"wp:term":[{"taxonomy":"category","embeddable":true,"href":"https:\/\/aaquarks.com\/blog\/index.php?rest_route=%2Fwp%2Fv2%2Fcategories&post=3046"},{"taxonomy":"post_tag","embeddable":true,"href":"https:\/\/aaquarks.com\/blog\/index.php?rest_route=%2Fwp%2Fv2%2Ftags&post=3046"}],"curies":[{"name":"wp","href":"https:\/\/api.w.org\/{rel}","templated":true}]}}