{"id":134,"date":"2015-04-08T17:39:59","date_gmt":"2015-04-08T15:39:59","guid":{"rendered":"http:\/\/aaquarks.com\/blog\/?p=134"},"modified":"2015-04-08T17:39:59","modified_gmt":"2015-04-08T15:39:59","slug":"vi-jornadas-de-ciencia-para-tods","status":"publish","type":"post","link":"https:\/\/aaquarks.com\/blog\/?p=134","title":{"rendered":"VI Jornadas de Ciencia para tod@s"},"content":{"rendered":"<p style=\"text-align: left;\"><strong>Asociaci\u00f3n cultural Renaciencia<br \/>\n<\/strong><strong>VI Jornadas de Ciencia para tod@s<br \/>\n<\/strong><strong>\u00dabeda, del 13 al 15 de abril de 2015<br \/>\n<\/strong><strong>Centro Cultural Hospital de Santiago<\/strong><\/p>\n<p><img loading=\"lazy\" decoding=\"async\" class=\" size-medium wp-image-136 alignright\" src=\"http:\/\/aaquarks.com\/blog\/wp-content\/uploads\/2015\/04\/Cartel-VI-Jornadas-211x300.jpg\" alt=\"Cartel VI Jornadas\" width=\"211\" height=\"300\" srcset=\"https:\/\/aaquarks.com\/blog\/wp-content\/uploads\/2015\/04\/Cartel-VI-Jornadas-211x300.jpg 211w, https:\/\/aaquarks.com\/blog\/wp-content\/uploads\/2015\/04\/Cartel-VI-Jornadas-722x1024.jpg 722w, https:\/\/aaquarks.com\/blog\/wp-content\/uploads\/2015\/04\/Cartel-VI-Jornadas.jpg 1748w\" sizes=\"auto, (max-width: 211px) 100vw, 211px\" \/>Desde hace varios a\u00f1os, la asociaci\u00f3n cultural Renaciencia, integrada por docentes de varios centros de la localidad de \u00dabeda y comarca, organiza y coordina las Jornadas de Ciencia para tod@s. Este gran evento de divulgaci\u00f3n cient\u00edfica pretende ofrecer un espacio dedicado a compartir las experiencias que hemos ido desarrollando desde\u00a0nuestras aulas, expuestas por el alumnado y como consecuencia de actividades de formaci\u00f3n espec\u00edfica del profesorado implicado.<\/p>\n<div class=\"page\" title=\"Page 1\">\n<div class=\"section\">\n<div class=\"section\">\n<div class=\"layoutArea\">\n<div class=\"column\">\n<p>Tenemos previsto, que de cara al p\u00fablico en general, se realicen durante los d\u00edas 13,14 y 15 de Abril de 2015 en el Hospital de Santiago de \u00dabeda. Las actividades estar\u00e1n abiertas a todos los centros y niveles educativos que lo soliciten con anterioridad.<\/p>\n<p>La organizaci\u00f3n de los stands correr\u00e1 a cargo de alumnos de Educaci\u00f3n Infantil, Educaci\u00f3n Primaria, Educaci\u00f3n Secundaria, Bachillerato y alumnos de la Escuela Universitaria de Magisterio; asesorados y dirigidos por sus profesores correspondientes tras una planificaci\u00f3n y preparaci\u00f3n previa.<\/p>\n<p>Esta iniciativa convierte al Hospital de Santiago en un gran escenario por el que pasan m\u00e1s de 5000 visitantes, participando unos 800 monitores en su desarrollo cada jornada.<\/p>\n<p>Os invitamos a asistir a estas VI Jornadas de la Ciencia para tod@s:<\/p>\n<\/div>\n<\/div>\n<\/div>\n<div class=\"section\">\n<div class=\"layoutArea\">\n<div class=\"column\">\n<ul>\n<li>Como participantes. Aportando una o varias experiencias que expondr\u00e1 vuestro\u00a0alumnado como monitores a los centros visitantes y al p\u00fablico en general que\u00a0pase por las Jornadas.<\/li>\n<li>Como visitantes. Acudiendo con vuestro alumnado a conocer los distintos\u00a0stands que preparar\u00e1n el resto de centros.<\/li>\n<li>Visitas p\u00fablico general. La muestra contempla la visita de p\u00fablico familiar\u00a0durante la jornada de tarde del Martes 14. De igual forma, tambi\u00e9n se podr\u00e1 asistir libremente a la inauguraci\u00f3n oficial y las actividades previstas en este acto (Lunes 13, 19 horas). Esas actividades no requieren reserva previa.<\/li>\n<\/ul>\n<\/div>\n<\/div>\n<\/div>\n<\/div>\n<\/div>\n<div class=\"page\" title=\"Page 2\">\n<div class=\"section\">\n<div class=\"layoutArea\">\n<div class=\"column\">\n<p>Para m\u00e1s informaci\u00f3n sobre ediciones anteriores pueden consultar: <a href=\"http:\/\/www.jornadasdelaciencia.aaquarks.com\">http:\/\/www.jornadasdelaciencia.aaquarks.com<\/a><\/p>\n<\/div>\n<\/div>\n<\/div>\n<div class=\"layoutArea\">\n<div class=\"column\">\n<p style=\"text-align: right;\">Asociaci\u00f3n Cultural Renaciencia<\/p>\n<\/div>\n<\/div>\n<\/div>\n<p>Descarga:\u00a0<a href=\"http:\/\/aaquarks.com\/blog\/wp-content\/uploads\/2015\/04\/D\u00edptico-Jornadas-A5.pdf\">D\u00edptico de las VI Jornadas de la Ciencia para tod@s (A5)<\/a><\/p>\n","protected":false},"excerpt":{"rendered":"<p>Asociaci\u00f3n cultural Renaciencia VI Jornadas de Ciencia para tod@s \u00dabeda, del 13 al 15 de abril de 2015 Centro Cultural Hospital de Santiago Desde hace varios a\u00f1os, la asociaci\u00f3n cultural Renaciencia, integrada por docentes&#46;&#46;&#46;<\/p>\n","protected":false},"author":1,"featured_media":137,"comment_status":"closed","ping_status":"closed","sticky":false,"template":"","format":"standard","meta":{"footnotes":""},"categories":[7],"tags":[39,40],"class_list":["post-134","post","type-post","status-publish","format-standard","has-post-thumbnail","hentry","category-noticias","tag-jornadas","tag-renaciencia"],"_links":{"self":[{"href":"https:\/\/aaquarks.com\/blog\/index.php?rest_route=\/wp\/v2\/posts\/134","targetHints":{"allow":["GET"]}}],"collection":[{"href":"https:\/\/aaquarks.com\/blog\/index.php?rest_route=\/wp\/v2\/posts"}],"about":[{"href":"https:\/\/aaquarks.com\/blog\/index.php?rest_route=\/wp\/v2\/types\/post"}],"author":[{"embeddable":true,"href":"https:\/\/aaquarks.com\/blog\/index.php?rest_route=\/wp\/v2\/users\/1"}],"replies":[{"embeddable":true,"href":"https:\/\/aaquarks.com\/blog\/index.php?rest_route=%2Fwp%2Fv2%2Fcomments&post=134"}],"version-history":[{"count":3,"href":"https:\/\/aaquarks.com\/blog\/index.php?rest_route=\/wp\/v2\/posts\/134\/revisions"}],"predecessor-version":[{"id":140,"href":"https:\/\/aaquarks.com\/blog\/index.php?rest_route=\/wp\/v2\/posts\/134\/revisions\/140"}],"wp:featuredmedia":[{"embeddable":true,"href":"https:\/\/aaquarks.com\/blog\/index.php?rest_route=\/wp\/v2\/media\/137"}],"wp:attachment":[{"href":"https:\/\/aaquarks.com\/blog\/index.php?rest_route=%2Fwp%2Fv2%2Fmedia&parent=134"}],"wp:term":[{"taxonomy":"category","embeddable":true,"href":"https:\/\/aaquarks.com\/blog\/index.php?rest_route=%2Fwp%2Fv2%2Fcategories&post=134"},{"taxonomy":"post_tag","embeddable":true,"href":"https:\/\/aaquarks.com\/blog\/index.php?rest_route=%2Fwp%2Fv2%2Ftags&post=134"}],"curies":[{"name":"wp","href":"https:\/\/api.w.org\/{rel}","templated":true}]}}